{"id":3101,"date":"2020-04-15T22:35:47","date_gmt":"2020-04-16T01:35:47","guid":{"rendered":"http:\/\/template1.bs2.com.br\/profissionais-saude\/?p=3101"},"modified":"2020-06-05T15:50:23","modified_gmt":"2020-06-05T18:50:23","slug":"displasia-arritmogenica-de-vd","status":"publish","type":"post","link":"https:\/\/www.prcardio.org\/profissionais-saude\/displasia-arritmogenica-de-vd\/","title":{"rendered":"Displasia arritmogenica de VD"},"content":{"rendered":"<p><span class=\"wppb-frontend-restriction-message wppb-content-restriction-message\">Caro, colega: este conte\u00fado \u00e9 estritamente para uso pessoal e educativo, com foco em profissionais m\u00e9dicos ou estudantes de Medicina. N\u00e3o pode ser difundido para p\u00fablico leigo, conforme resolu\u00e7\u00e3o do Conselho Federal de Medicina \u2013 2011 (http:\/\/www.portalmedico.org.br\/resolucoes\/<br \/>\nCFM\/2011\/1974_2011.pdf)<\/p>\n<p><strong class=\"nowrap\"><div id=\"wppb-login-wrap\" class=\"wppb-user-forms\">\n\t\t<form name=\"wppb-loginform\" id=\"wppb-loginform\" class=\"\" action=\"https:\/\/www.prcardio.org\/profissionais-saude\/wp-json\/wp\/v2\/posts\/3101\" method=\"post\">\n\t\t\t\n\t\t\t<p class=\"wppb-form-field login-username\">\n\t\t\t\t<label for=\"wppb_user_login\">Email<\/label>\n\t\t\t\t<input type=\"email\" name=\"log\" id=\"wppb_user_login\" class=\"input\" value=\"\" size=\"20\" \/>\n\t\t\t<\/p>\n\t\t\t<p class=\"wppb-form-field login-password\">\n\t\t\t\t<label for=\"wppb_user_pass\">Password<\/label>\n\t\t\t\t<span class=\"wppb-password-field-container\">\n\t\t\t\t    <input type=\"password\" name=\"pwd\" id=\"wppb_user_pass\" class=\"input\" value=\"\" size=\"20\" \/>\n\t\t\t\t     <!-- add the HTML for the visibility toggle -->\n\t\t\t\t<\/span>\n            <\/p>\n\t\t\t\n\t\t\t\n\t\t\t<p class=\"wppb-form-field login-remember\"><input name=\"rememberme\" type=\"checkbox\" id=\"rememberme\" value=\"forever\" \/><label for=\"rememberme\">Remember Me<\/label><\/p>\n\t\t\t<p class=\"login-submit form-submit\">\n\t\t\t\t<input type=\"submit\" name=\"wp-submit\" id=\"wppb-submit\" class=\"button button-primary\" value=\"Log In\"\" \/>\n\t\t\t\t<input type=\"hidden\" name=\"redirect_to\" value=\"https:\/\/www.prcardio.org\/profissionais-saude\/wp-json\/wp\/v2\/posts\/3101\" \/>\n\t\t\t<\/p>\n\t\t\t<input type=\"hidden\" name=\"wppb_login\" value=\"true\"\/>\n\t\t\t<input type=\"hidden\" name=\"wppb_form_location\" value=\"widget\"\/>\n\t\t\t<input type=\"hidden\" name=\"wppb_request_url\" value=\"https:\/\/www.prcardio.org\/profissionais-saude\/wp-json\/wp\/v2\/posts\/3101\"\/>\n\t\t\t<input type=\"hidden\" name=\"wppb_lostpassword_url\" value=\"\"\/>\n\t\t\t<input type=\"hidden\" name=\"wppb_redirect_priority\" value=\"\"\/>\n\t\t\t<input type=\"hidden\" name=\"wppb_referer_url\" value=\"\"\/>\n\t\t\t<input type=\"hidden\" id=\"CSRFToken-wppb\" name=\"CSRFToken-wppb\" value=\"056b45319e\" \/><input type=\"hidden\" name=\"_wp_http_referer\" value=\"\/profissionais-saude\/wp-json\/wp\/v2\/posts\/3101\" \/>\n\t\t\t<input type=\"hidden\" name=\"wppb_redirect_check\" value=\"true\"\/>\n\t\t\t\n\t\t<\/form><script>window.onload = function() { jQuery(document).ready(function($) { $(\"input[name=\\\"log\\\"]\").on(\"keyup\", function() { $(this).val( $.trim($(this).val()) ); }); }); }<\/script><\/div><\/strong><\/p>\n<p>N\u00e3o tem registro, clique <a href=\"http:\/\/www.prcardio.org\/profissionais-saude\/registro\/\">aqui<\/a><\/p>\n<p>&nbsp;<\/span><\/p>\n","protected":false},"excerpt":{"rendered":"<p>Caro, colega: este conte\u00fado \u00e9 estritamente para uso pessoal e educativo, com foco em profissionais m\u00e9dicos ou estudantes de Medicina. N\u00e3o pode ser difundido para p\u00fablico leigo, conforme resolu\u00e7\u00e3o do Conselho Federal de Medicina \u2013 2011 (http:\/\/www.portalmedico.org.br\/resolucoes\/ CFM\/2011\/1974_2011.pdf) Email Password Remember Me<\/p>\n","protected":false},"author":1,"featured_media":0,"comment_status":"closed","ping_status":"open","sticky":false,"template":"","format":"standard","meta":{"footnotes":""},"categories":[8],"tags":[],"class_list":["post-3101","post","type-post","status-publish","format-standard","hentry","category-casos-clinicos","has-post-title","has-post-date","has-post-category","has-post-tag","has-post-comment","has-post-author",""],"yoast_head":"<!-- This site is optimized with the Yoast SEO plugin v27.4 - https:\/\/yoast.com\/product\/yoast-seo-wordpress\/ -->\n<title>SPC - Sociedade Paranaense de Cardiologia<\/title>\n<meta name=\"robots\" content=\"index, follow, max-snippet:-1, max-image-preview:large, max-video-preview:-1\" \/>\n<link rel=\"canonical\" href=\"https:\/\/www.prcardio.org\/profissionais-saude\/displasia-arritmogenica-de-vd\/\" \/>\n<meta property=\"og:locale\" content=\"pt_BR\" \/>\n<meta property=\"og:type\" content=\"article\" \/>\n<meta property=\"og:title\" content=\"SPC - Sociedade Paranaense de Cardiologia\" \/>\n<meta property=\"og:description\" content=\"Caro, colega: este conte\u00fado \u00e9 estritamente para uso pessoal e educativo, com foco em profissionais m\u00e9dicos ou estudantes de Medicina. N\u00e3o pode ser difundido para p\u00fablico leigo, conforme resolu\u00e7\u00e3o do Conselho Federal de Medicina \u2013 2011 (http:\/\/www.portalmedico.org.br\/resolucoes\/ CFM\/2011\/1974_2011.pdf) Email Password Remember Me\" \/>\n<meta property=\"og:url\" content=\"https:\/\/www.prcardio.org\/profissionais-saude\/displasia-arritmogenica-de-vd\/\" \/>\n<meta property=\"og:site_name\" content=\"SPC - Sociedade Paranaense de Cardiologia\" \/>\n<meta property=\"article:published_time\" content=\"2020-04-16T01:35:47+00:00\" \/>\n<meta property=\"article:modified_time\" content=\"2020-06-05T18:50:23+00:00\" \/>\n<meta property=\"og:image\" content=\"http:\/\/template1.bs2.com.br\/profissionais-saude\/wp-content\/uploads\/sites\/2\/2020\/04\/caso3_1-927x1024.jpg\" \/>\n<meta name=\"author\" content=\"Hospedagem\" \/>\n<meta name=\"twitter:card\" content=\"summary_large_image\" \/>\n<meta name=\"twitter:label1\" content=\"Written by\" \/>\n\t<meta name=\"twitter:data1\" content=\"Hospedagem\" \/>\n<script type=\"application\/ld+json\" class=\"yoast-schema-graph\">{\"@context\":\"https:\\\/\\\/schema.org\",\"@graph\":[{\"@type\":\"Article\",\"@id\":\"https:\\\/\\\/www.prcardio.org\\\/profissionais-saude\\\/displasia-arritmogenica-de-vd\\\/#article\",\"isPartOf\":{\"@id\":\"https:\\\/\\\/www.prcardio.org\\\/profissionais-saude\\\/displasia-arritmogenica-de-vd\\\/\"},\"author\":{\"name\":\"Hospedagem\",\"@id\":\"https:\\\/\\\/www.prcardio.org\\\/profissionais-saude\\\/#\\\/schema\\\/person\\\/a9b1dff39e9c1d3ba41de0f3dd6e1104\"},\"headline\":\"Displasia arritmogenica de VD\",\"datePublished\":\"2020-04-16T01:35:47+00:00\",\"dateModified\":\"2020-06-05T18:50:23+00:00\",\"mainEntityOfPage\":{\"@id\":\"https:\\\/\\\/www.prcardio.org\\\/profissionais-saude\\\/displasia-arritmogenica-de-vd\\\/\"},\"wordCount\":69,\"image\":{\"@id\":\"https:\\\/\\\/www.prcardio.org\\\/profissionais-saude\\\/displasia-arritmogenica-de-vd\\\/#primaryimage\"},\"thumbnailUrl\":\"http:\\\/\\\/template1.bs2.com.br\\\/profissionais-saude\\\/wp-content\\\/uploads\\\/sites\\\/2\\\/2020\\\/04\\\/caso3_1-927x1024.jpg\",\"articleSection\":[\"Casos Cl\u00ednicos\"],\"inLanguage\":\"pt-BR\"},{\"@type\":\"WebPage\",\"@id\":\"https:\\\/\\\/www.prcardio.org\\\/profissionais-saude\\\/displasia-arritmogenica-de-vd\\\/\",\"url\":\"https:\\\/\\\/www.prcardio.org\\\/profissionais-saude\\\/displasia-arritmogenica-de-vd\\\/\",\"name\":\"SPC - Sociedade Paranaense de Cardiologia\",\"isPartOf\":{\"@id\":\"https:\\\/\\\/www.prcardio.org\\\/profissionais-saude\\\/#website\"},\"primaryImageOfPage\":{\"@id\":\"https:\\\/\\\/www.prcardio.org\\\/profissionais-saude\\\/displasia-arritmogenica-de-vd\\\/#primaryimage\"},\"image\":{\"@id\":\"https:\\\/\\\/www.prcardio.org\\\/profissionais-saude\\\/displasia-arritmogenica-de-vd\\\/#primaryimage\"},\"thumbnailUrl\":\"http:\\\/\\\/template1.bs2.com.br\\\/profissionais-saude\\\/wp-content\\\/uploads\\\/sites\\\/2\\\/2020\\\/04\\\/caso3_1-927x1024.jpg\",\"datePublished\":\"2020-04-16T01:35:47+00:00\",\"dateModified\":\"2020-06-05T18:50:23+00:00\",\"author\":{\"@id\":\"https:\\\/\\\/www.prcardio.org\\\/profissionais-saude\\\/#\\\/schema\\\/person\\\/a9b1dff39e9c1d3ba41de0f3dd6e1104\"},\"breadcrumb\":{\"@id\":\"https:\\\/\\\/www.prcardio.org\\\/profissionais-saude\\\/displasia-arritmogenica-de-vd\\\/#breadcrumb\"},\"inLanguage\":\"pt-BR\",\"potentialAction\":[{\"@type\":\"ReadAction\",\"target\":[\"https:\\\/\\\/www.prcardio.org\\\/profissionais-saude\\\/displasia-arritmogenica-de-vd\\\/\"]}]},{\"@type\":\"ImageObject\",\"inLanguage\":\"pt-BR\",\"@id\":\"https:\\\/\\\/www.prcardio.org\\\/profissionais-saude\\\/displasia-arritmogenica-de-vd\\\/#primaryimage\",\"url\":\"http:\\\/\\\/template1.bs2.com.br\\\/profissionais-saude\\\/wp-content\\\/uploads\\\/sites\\\/2\\\/2020\\\/04\\\/caso3_1-927x1024.jpg\",\"contentUrl\":\"http:\\\/\\\/template1.bs2.com.br\\\/profissionais-saude\\\/wp-content\\\/uploads\\\/sites\\\/2\\\/2020\\\/04\\\/caso3_1-927x1024.jpg\"},{\"@type\":\"BreadcrumbList\",\"@id\":\"https:\\\/\\\/www.prcardio.org\\\/profissionais-saude\\\/displasia-arritmogenica-de-vd\\\/#breadcrumb\",\"itemListElement\":[{\"@type\":\"ListItem\",\"position\":1,\"name\":\"In\u00edcio\",\"item\":\"https:\\\/\\\/www.prcardio.org\\\/profissionais-saude\\\/\"},{\"@type\":\"ListItem\",\"position\":2,\"name\":\"Displasia arritmogenica de VD\"}]},{\"@type\":\"WebSite\",\"@id\":\"https:\\\/\\\/www.prcardio.org\\\/profissionais-saude\\\/#website\",\"url\":\"https:\\\/\\\/www.prcardio.org\\\/profissionais-saude\\\/\",\"name\":\"SPC - Sociedade Paranaense de Cardiologia\",\"description\":\"\",\"potentialAction\":[{\"@type\":\"SearchAction\",\"target\":{\"@type\":\"EntryPoint\",\"urlTemplate\":\"https:\\\/\\\/www.prcardio.org\\\/profissionais-saude\\\/?s={search_term_string}\"},\"query-input\":{\"@type\":\"PropertyValueSpecification\",\"valueRequired\":true,\"valueName\":\"search_term_string\"}}],\"inLanguage\":\"pt-BR\"},{\"@type\":\"Person\",\"@id\":\"https:\\\/\\\/www.prcardio.org\\\/profissionais-saude\\\/#\\\/schema\\\/person\\\/a9b1dff39e9c1d3ba41de0f3dd6e1104\",\"name\":\"Hospedagem\",\"image\":{\"@type\":\"ImageObject\",\"inLanguage\":\"pt-BR\",\"@id\":\"https:\\\/\\\/secure.gravatar.com\\\/avatar\\\/d1f33b566fe696af9b34d27adf7f4946e34028f4c303a6217cfc8e842e418d79?s=96&d=mm&r=g\",\"url\":\"https:\\\/\\\/secure.gravatar.com\\\/avatar\\\/d1f33b566fe696af9b34d27adf7f4946e34028f4c303a6217cfc8e842e418d79?s=96&d=mm&r=g\",\"contentUrl\":\"https:\\\/\\\/secure.gravatar.com\\\/avatar\\\/d1f33b566fe696af9b34d27adf7f4946e34028f4c303a6217cfc8e842e418d79?s=96&d=mm&r=g\",\"caption\":\"Hospedagem\"},\"url\":\"https:\\\/\\\/www.prcardio.org\\\/profissionais-saude\\\/author\\\/bs2\\\/\"}]}<\/script>\n<!-- \/ Yoast SEO plugin. -->","yoast_head_json":{"title":"SPC - Sociedade Paranaense de Cardiologia","robots":{"index":"index","follow":"follow","max-snippet":"max-snippet:-1","max-image-preview":"max-image-preview:large","max-video-preview":"max-video-preview:-1"},"canonical":"https:\/\/www.prcardio.org\/profissionais-saude\/displasia-arritmogenica-de-vd\/","og_locale":"pt_BR","og_type":"article","og_title":"SPC - Sociedade Paranaense de Cardiologia","og_description":"Caro, colega: este conte\u00fado \u00e9 estritamente para uso pessoal e educativo, com foco em profissionais m\u00e9dicos ou estudantes de Medicina. N\u00e3o pode ser difundido para p\u00fablico leigo, conforme resolu\u00e7\u00e3o do Conselho Federal de Medicina \u2013 2011 (http:\/\/www.portalmedico.org.br\/resolucoes\/ CFM\/2011\/1974_2011.pdf) Email Password Remember Me","og_url":"https:\/\/www.prcardio.org\/profissionais-saude\/displasia-arritmogenica-de-vd\/","og_site_name":"SPC - Sociedade Paranaense de Cardiologia","article_published_time":"2020-04-16T01:35:47+00:00","article_modified_time":"2020-06-05T18:50:23+00:00","og_image":[{"url":"http:\/\/template1.bs2.com.br\/profissionais-saude\/wp-content\/uploads\/sites\/2\/2020\/04\/caso3_1-927x1024.jpg","type":"","width":"","height":""}],"author":"Hospedagem","twitter_card":"summary_large_image","twitter_misc":{"Written by":"Hospedagem"},"schema":{"@context":"https:\/\/schema.org","@graph":[{"@type":"Article","@id":"https:\/\/www.prcardio.org\/profissionais-saude\/displasia-arritmogenica-de-vd\/#article","isPartOf":{"@id":"https:\/\/www.prcardio.org\/profissionais-saude\/displasia-arritmogenica-de-vd\/"},"author":{"name":"Hospedagem","@id":"https:\/\/www.prcardio.org\/profissionais-saude\/#\/schema\/person\/a9b1dff39e9c1d3ba41de0f3dd6e1104"},"headline":"Displasia arritmogenica de VD","datePublished":"2020-04-16T01:35:47+00:00","dateModified":"2020-06-05T18:50:23+00:00","mainEntityOfPage":{"@id":"https:\/\/www.prcardio.org\/profissionais-saude\/displasia-arritmogenica-de-vd\/"},"wordCount":69,"image":{"@id":"https:\/\/www.prcardio.org\/profissionais-saude\/displasia-arritmogenica-de-vd\/#primaryimage"},"thumbnailUrl":"http:\/\/template1.bs2.com.br\/profissionais-saude\/wp-content\/uploads\/sites\/2\/2020\/04\/caso3_1-927x1024.jpg","articleSection":["Casos Cl\u00ednicos"],"inLanguage":"pt-BR"},{"@type":"WebPage","@id":"https:\/\/www.prcardio.org\/profissionais-saude\/displasia-arritmogenica-de-vd\/","url":"https:\/\/www.prcardio.org\/profissionais-saude\/displasia-arritmogenica-de-vd\/","name":"SPC - Sociedade Paranaense de Cardiologia","isPartOf":{"@id":"https:\/\/www.prcardio.org\/profissionais-saude\/#website"},"primaryImageOfPage":{"@id":"https:\/\/www.prcardio.org\/profissionais-saude\/displasia-arritmogenica-de-vd\/#primaryimage"},"image":{"@id":"https:\/\/www.prcardio.org\/profissionais-saude\/displasia-arritmogenica-de-vd\/#primaryimage"},"thumbnailUrl":"http:\/\/template1.bs2.com.br\/profissionais-saude\/wp-content\/uploads\/sites\/2\/2020\/04\/caso3_1-927x1024.jpg","datePublished":"2020-04-16T01:35:47+00:00","dateModified":"2020-06-05T18:50:23+00:00","author":{"@id":"https:\/\/www.prcardio.org\/profissionais-saude\/#\/schema\/person\/a9b1dff39e9c1d3ba41de0f3dd6e1104"},"breadcrumb":{"@id":"https:\/\/www.prcardio.org\/profissionais-saude\/displasia-arritmogenica-de-vd\/#breadcrumb"},"inLanguage":"pt-BR","potentialAction":[{"@type":"ReadAction","target":["https:\/\/www.prcardio.org\/profissionais-saude\/displasia-arritmogenica-de-vd\/"]}]},{"@type":"ImageObject","inLanguage":"pt-BR","@id":"https:\/\/www.prcardio.org\/profissionais-saude\/displasia-arritmogenica-de-vd\/#primaryimage","url":"http:\/\/template1.bs2.com.br\/profissionais-saude\/wp-content\/uploads\/sites\/2\/2020\/04\/caso3_1-927x1024.jpg","contentUrl":"http:\/\/template1.bs2.com.br\/profissionais-saude\/wp-content\/uploads\/sites\/2\/2020\/04\/caso3_1-927x1024.jpg"},{"@type":"BreadcrumbList","@id":"https:\/\/www.prcardio.org\/profissionais-saude\/displasia-arritmogenica-de-vd\/#breadcrumb","itemListElement":[{"@type":"ListItem","position":1,"name":"In\u00edcio","item":"https:\/\/www.prcardio.org\/profissionais-saude\/"},{"@type":"ListItem","position":2,"name":"Displasia arritmogenica de VD"}]},{"@type":"WebSite","@id":"https:\/\/www.prcardio.org\/profissionais-saude\/#website","url":"https:\/\/www.prcardio.org\/profissionais-saude\/","name":"SPC - Sociedade Paranaense de Cardiologia","description":"","potentialAction":[{"@type":"SearchAction","target":{"@type":"EntryPoint","urlTemplate":"https:\/\/www.prcardio.org\/profissionais-saude\/?s={search_term_string}"},"query-input":{"@type":"PropertyValueSpecification","valueRequired":true,"valueName":"search_term_string"}}],"inLanguage":"pt-BR"},{"@type":"Person","@id":"https:\/\/www.prcardio.org\/profissionais-saude\/#\/schema\/person\/a9b1dff39e9c1d3ba41de0f3dd6e1104","name":"Hospedagem","image":{"@type":"ImageObject","inLanguage":"pt-BR","@id":"https:\/\/secure.gravatar.com\/avatar\/d1f33b566fe696af9b34d27adf7f4946e34028f4c303a6217cfc8e842e418d79?s=96&d=mm&r=g","url":"https:\/\/secure.gravatar.com\/avatar\/d1f33b566fe696af9b34d27adf7f4946e34028f4c303a6217cfc8e842e418d79?s=96&d=mm&r=g","contentUrl":"https:\/\/secure.gravatar.com\/avatar\/d1f33b566fe696af9b34d27adf7f4946e34028f4c303a6217cfc8e842e418d79?s=96&d=mm&r=g","caption":"Hospedagem"},"url":"https:\/\/www.prcardio.org\/profissionais-saude\/author\/bs2\/"}]}},"builder_content":"","_links":{"self":[{"href":"https:\/\/www.prcardio.org\/profissionais-saude\/wp-json\/wp\/v2\/posts\/3101","targetHints":{"allow":["GET"]}}],"collection":[{"href":"https:\/\/www.prcardio.org\/profissionais-saude\/wp-json\/wp\/v2\/posts"}],"about":[{"href":"https:\/\/www.prcardio.org\/profissionais-saude\/wp-json\/wp\/v2\/types\/post"}],"author":[{"embeddable":true,"href":"https:\/\/www.prcardio.org\/profissionais-saude\/wp-json\/wp\/v2\/users\/1"}],"replies":[{"embeddable":true,"href":"https:\/\/www.prcardio.org\/profissionais-saude\/wp-json\/wp\/v2\/comments?post=3101"}],"version-history":[{"count":12,"href":"https:\/\/www.prcardio.org\/profissionais-saude\/wp-json\/wp\/v2\/posts\/3101\/revisions"}],"predecessor-version":[{"id":3141,"href":"https:\/\/www.prcardio.org\/profissionais-saude\/wp-json\/wp\/v2\/posts\/3101\/revisions\/3141"}],"wp:attachment":[{"href":"https:\/\/www.prcardio.org\/profissionais-saude\/wp-json\/wp\/v2\/media?parent=3101"}],"wp:term":[{"taxonomy":"category","embeddable":true,"href":"https:\/\/www.prcardio.org\/profissionais-saude\/wp-json\/wp\/v2\/categories?post=3101"},{"taxonomy":"post_tag","embeddable":true,"href":"https:\/\/www.prcardio.org\/profissionais-saude\/wp-json\/wp\/v2\/tags?post=3101"}],"curies":[{"name":"wp","href":"https:\/\/api.w.org\/{rel}","templated":true}]}}