{"id":3664,"date":"2020-08-21T16:01:56","date_gmt":"2020-08-21T19:01:56","guid":{"rendered":"https:\/\/prcardio.org\/profissionais-saude\/?p=3664"},"modified":"2020-08-21T16:32:18","modified_gmt":"2020-08-21T19:32:18","slug":"da-evidencia-para-a-pratica-7","status":"publish","type":"post","link":"https:\/\/www.prcardio.org\/profissionais-saude\/da-evidencia-para-a-pratica-7\/","title":{"rendered":"Da evid\u00eancia para a pr\u00e1tica #7"},"content":{"rendered":"<p>No nosso s\u00e9timo epis\u00f3dio, discutimos o estudo PRAETORIAN, publicado em N Engl J Med 2020;383:526-36. Participaram do podcast os Drs. Miguel Morita (Diretor Cient\u00edfico da SPC) e Mauricio Montemezzo (Especialista em Estimula\u00e7\u00e3o Card\u00edaca Artificial pela Sociedade Brasileira de Arritmias Card\u00edacas &#8211; SOBRAC, Membro do Laborat\u00f3rio de Eletrofisiologia de Curitiba e Professor da PUC\/PR).<\/p>\n\n\n\n<iframe loading=\"lazy\" src=\"https:\/\/open.spotify.com\/embed-podcast\/episode\/7vDKXACCtnEXTNb9wS0TN4\" width=\"100%\" height=\"232\" frameborder=\"0\" allowtransparency=\"true\" allow=\"encrypted-media\"><\/iframe>\n\n\n\n\n\n<p><\/p>\n\n<!--themify_builder_content-->\n<div id=\"themify_builder_content-3664\" data-postid=\"3664\" class=\"themify_builder_content themify_builder_content-3664 themify_builder tf_clear\">\n    <\/div>\n<!--\/themify_builder_content-->\n\n\n<p><\/p>","protected":false},"excerpt":{"rendered":"<p>No nosso s\u00e9timo epis\u00f3dio, discutimos o estudo PRAETORIAN, publicado em N Engl J Med 2020;383:526-36. Participaram do podcast os Drs. Miguel Morita (Diretor Cient\u00edfico da SPC) e Mauricio Montemezzo (Especialista em Estimula\u00e7\u00e3o Card\u00edaca Artificial pela Sociedade Brasileira de Arritmias Card\u00edacas &#8211; SOBRAC, Membro do Laborat\u00f3rio de Eletrofisiologia de Curitiba e Professor da PUC\/PR).<\/p>\n","protected":false},"author":11,"featured_media":0,"comment_status":"closed","ping_status":"open","sticky":false,"template":"","format":"standard","meta":{"footnotes":""},"categories":[10],"tags":[],"class_list":["post-3664","post","type-post","status-publish","format-standard","hentry","category-podcasts","has-post-title","has-post-date","has-post-category","has-post-tag","has-post-comment","has-post-author",""],"yoast_head":"<!-- This site is optimized with the Yoast SEO plugin v27.4 - https:\/\/yoast.com\/product\/yoast-seo-wordpress\/ -->\n<title>SPC - Sociedade Paranaense de Cardiologia<\/title>\n<meta name=\"robots\" content=\"index, follow, max-snippet:-1, max-image-preview:large, max-video-preview:-1\" \/>\n<link rel=\"canonical\" href=\"https:\/\/www.prcardio.org\/profissionais-saude\/da-evidencia-para-a-pratica-7\/\" \/>\n<meta property=\"og:locale\" content=\"pt_BR\" \/>\n<meta property=\"og:type\" content=\"article\" \/>\n<meta property=\"og:title\" content=\"SPC - Sociedade Paranaense de Cardiologia\" \/>\n<meta property=\"og:description\" content=\"No nosso s\u00e9timo epis\u00f3dio, discutimos o estudo PRAETORIAN, publicado em N Engl J Med 2020;383:526-36. Participaram do podcast os Drs. Miguel Morita (Diretor Cient\u00edfico da SPC) e Mauricio Montemezzo (Especialista em Estimula\u00e7\u00e3o Card\u00edaca Artificial pela Sociedade Brasileira de Arritmias Card\u00edacas &#8211; SOBRAC, Membro do Laborat\u00f3rio de Eletrofisiologia de Curitiba e Professor da PUC\/PR).\" \/>\n<meta property=\"og:url\" content=\"https:\/\/www.prcardio.org\/profissionais-saude\/da-evidencia-para-a-pratica-7\/\" \/>\n<meta property=\"og:site_name\" content=\"SPC - Sociedade Paranaense de Cardiologia\" \/>\n<meta property=\"article:published_time\" content=\"2020-08-21T19:01:56+00:00\" \/>\n<meta property=\"article:modified_time\" content=\"2020-08-21T19:32:18+00:00\" \/>\n<meta name=\"author\" content=\"andrea\" \/>\n<meta name=\"twitter:card\" content=\"summary_large_image\" \/>\n<meta name=\"twitter:label1\" content=\"Written by\" \/>\n\t<meta name=\"twitter:data1\" content=\"andrea\" \/>\n<script type=\"application\/ld+json\" class=\"yoast-schema-graph\">{\"@context\":\"https:\\\/\\\/schema.org\",\"@graph\":[{\"@type\":\"Article\",\"@id\":\"https:\\\/\\\/www.prcardio.org\\\/profissionais-saude\\\/da-evidencia-para-a-pratica-7\\\/#article\",\"isPartOf\":{\"@id\":\"https:\\\/\\\/www.prcardio.org\\\/profissionais-saude\\\/da-evidencia-para-a-pratica-7\\\/\"},\"author\":{\"name\":\"andrea\",\"@id\":\"https:\\\/\\\/www.prcardio.org\\\/profissionais-saude\\\/#\\\/schema\\\/person\\\/db3ecd9bf1d73b732be05640b4782b92\"},\"headline\":\"Da evid\u00eancia para a pr\u00e1tica #7\",\"datePublished\":\"2020-08-21T19:01:56+00:00\",\"dateModified\":\"2020-08-21T19:32:18+00:00\",\"mainEntityOfPage\":{\"@id\":\"https:\\\/\\\/www.prcardio.org\\\/profissionais-saude\\\/da-evidencia-para-a-pratica-7\\\/\"},\"wordCount\":68,\"articleSection\":[\"Podcasts\"],\"inLanguage\":\"pt-BR\"},{\"@type\":\"WebPage\",\"@id\":\"https:\\\/\\\/www.prcardio.org\\\/profissionais-saude\\\/da-evidencia-para-a-pratica-7\\\/\",\"url\":\"https:\\\/\\\/www.prcardio.org\\\/profissionais-saude\\\/da-evidencia-para-a-pratica-7\\\/\",\"name\":\"SPC - Sociedade Paranaense de Cardiologia\",\"isPartOf\":{\"@id\":\"https:\\\/\\\/www.prcardio.org\\\/profissionais-saude\\\/#website\"},\"datePublished\":\"2020-08-21T19:01:56+00:00\",\"dateModified\":\"2020-08-21T19:32:18+00:00\",\"author\":{\"@id\":\"https:\\\/\\\/www.prcardio.org\\\/profissionais-saude\\\/#\\\/schema\\\/person\\\/db3ecd9bf1d73b732be05640b4782b92\"},\"breadcrumb\":{\"@id\":\"https:\\\/\\\/www.prcardio.org\\\/profissionais-saude\\\/da-evidencia-para-a-pratica-7\\\/#breadcrumb\"},\"inLanguage\":\"pt-BR\",\"potentialAction\":[{\"@type\":\"ReadAction\",\"target\":[\"https:\\\/\\\/www.prcardio.org\\\/profissionais-saude\\\/da-evidencia-para-a-pratica-7\\\/\"]}]},{\"@type\":\"BreadcrumbList\",\"@id\":\"https:\\\/\\\/www.prcardio.org\\\/profissionais-saude\\\/da-evidencia-para-a-pratica-7\\\/#breadcrumb\",\"itemListElement\":[{\"@type\":\"ListItem\",\"position\":1,\"name\":\"In\u00edcio\",\"item\":\"https:\\\/\\\/www.prcardio.org\\\/profissionais-saude\\\/\"},{\"@type\":\"ListItem\",\"position\":2,\"name\":\"Da evid\u00eancia para a pr\u00e1tica #7\"}]},{\"@type\":\"WebSite\",\"@id\":\"https:\\\/\\\/www.prcardio.org\\\/profissionais-saude\\\/#website\",\"url\":\"https:\\\/\\\/www.prcardio.org\\\/profissionais-saude\\\/\",\"name\":\"SPC - Sociedade Paranaense de Cardiologia\",\"description\":\"\",\"potentialAction\":[{\"@type\":\"SearchAction\",\"target\":{\"@type\":\"EntryPoint\",\"urlTemplate\":\"https:\\\/\\\/www.prcardio.org\\\/profissionais-saude\\\/?s={search_term_string}\"},\"query-input\":{\"@type\":\"PropertyValueSpecification\",\"valueRequired\":true,\"valueName\":\"search_term_string\"}}],\"inLanguage\":\"pt-BR\"},{\"@type\":\"Person\",\"@id\":\"https:\\\/\\\/www.prcardio.org\\\/profissionais-saude\\\/#\\\/schema\\\/person\\\/db3ecd9bf1d73b732be05640b4782b92\",\"name\":\"andrea\",\"image\":{\"@type\":\"ImageObject\",\"inLanguage\":\"pt-BR\",\"@id\":\"https:\\\/\\\/secure.gravatar.com\\\/avatar\\\/973e78e9cdec0d8c13959e68ea3a487f78d1a33644dfeb9c0d4bc7bd94fe8c6d?s=96&d=mm&r=g\",\"url\":\"https:\\\/\\\/secure.gravatar.com\\\/avatar\\\/973e78e9cdec0d8c13959e68ea3a487f78d1a33644dfeb9c0d4bc7bd94fe8c6d?s=96&d=mm&r=g\",\"contentUrl\":\"https:\\\/\\\/secure.gravatar.com\\\/avatar\\\/973e78e9cdec0d8c13959e68ea3a487f78d1a33644dfeb9c0d4bc7bd94fe8c6d?s=96&d=mm&r=g\",\"caption\":\"andrea\"},\"url\":\"https:\\\/\\\/www.prcardio.org\\\/profissionais-saude\\\/author\\\/andrea\\\/\"}]}<\/script>\n<!-- \/ Yoast SEO plugin. -->","yoast_head_json":{"title":"SPC - Sociedade Paranaense de Cardiologia","robots":{"index":"index","follow":"follow","max-snippet":"max-snippet:-1","max-image-preview":"max-image-preview:large","max-video-preview":"max-video-preview:-1"},"canonical":"https:\/\/www.prcardio.org\/profissionais-saude\/da-evidencia-para-a-pratica-7\/","og_locale":"pt_BR","og_type":"article","og_title":"SPC - Sociedade Paranaense de Cardiologia","og_description":"No nosso s\u00e9timo epis\u00f3dio, discutimos o estudo PRAETORIAN, publicado em N Engl J Med 2020;383:526-36. Participaram do podcast os Drs. Miguel Morita (Diretor Cient\u00edfico da SPC) e Mauricio Montemezzo (Especialista em Estimula\u00e7\u00e3o Card\u00edaca Artificial pela Sociedade Brasileira de Arritmias Card\u00edacas &#8211; SOBRAC, Membro do Laborat\u00f3rio de Eletrofisiologia de Curitiba e Professor da PUC\/PR).","og_url":"https:\/\/www.prcardio.org\/profissionais-saude\/da-evidencia-para-a-pratica-7\/","og_site_name":"SPC - Sociedade Paranaense de Cardiologia","article_published_time":"2020-08-21T19:01:56+00:00","article_modified_time":"2020-08-21T19:32:18+00:00","author":"andrea","twitter_card":"summary_large_image","twitter_misc":{"Written by":"andrea"},"schema":{"@context":"https:\/\/schema.org","@graph":[{"@type":"Article","@id":"https:\/\/www.prcardio.org\/profissionais-saude\/da-evidencia-para-a-pratica-7\/#article","isPartOf":{"@id":"https:\/\/www.prcardio.org\/profissionais-saude\/da-evidencia-para-a-pratica-7\/"},"author":{"name":"andrea","@id":"https:\/\/www.prcardio.org\/profissionais-saude\/#\/schema\/person\/db3ecd9bf1d73b732be05640b4782b92"},"headline":"Da evid\u00eancia para a pr\u00e1tica #7","datePublished":"2020-08-21T19:01:56+00:00","dateModified":"2020-08-21T19:32:18+00:00","mainEntityOfPage":{"@id":"https:\/\/www.prcardio.org\/profissionais-saude\/da-evidencia-para-a-pratica-7\/"},"wordCount":68,"articleSection":["Podcasts"],"inLanguage":"pt-BR"},{"@type":"WebPage","@id":"https:\/\/www.prcardio.org\/profissionais-saude\/da-evidencia-para-a-pratica-7\/","url":"https:\/\/www.prcardio.org\/profissionais-saude\/da-evidencia-para-a-pratica-7\/","name":"SPC - Sociedade Paranaense de Cardiologia","isPartOf":{"@id":"https:\/\/www.prcardio.org\/profissionais-saude\/#website"},"datePublished":"2020-08-21T19:01:56+00:00","dateModified":"2020-08-21T19:32:18+00:00","author":{"@id":"https:\/\/www.prcardio.org\/profissionais-saude\/#\/schema\/person\/db3ecd9bf1d73b732be05640b4782b92"},"breadcrumb":{"@id":"https:\/\/www.prcardio.org\/profissionais-saude\/da-evidencia-para-a-pratica-7\/#breadcrumb"},"inLanguage":"pt-BR","potentialAction":[{"@type":"ReadAction","target":["https:\/\/www.prcardio.org\/profissionais-saude\/da-evidencia-para-a-pratica-7\/"]}]},{"@type":"BreadcrumbList","@id":"https:\/\/www.prcardio.org\/profissionais-saude\/da-evidencia-para-a-pratica-7\/#breadcrumb","itemListElement":[{"@type":"ListItem","position":1,"name":"In\u00edcio","item":"https:\/\/www.prcardio.org\/profissionais-saude\/"},{"@type":"ListItem","position":2,"name":"Da evid\u00eancia para a pr\u00e1tica #7"}]},{"@type":"WebSite","@id":"https:\/\/www.prcardio.org\/profissionais-saude\/#website","url":"https:\/\/www.prcardio.org\/profissionais-saude\/","name":"SPC - Sociedade Paranaense de Cardiologia","description":"","potentialAction":[{"@type":"SearchAction","target":{"@type":"EntryPoint","urlTemplate":"https:\/\/www.prcardio.org\/profissionais-saude\/?s={search_term_string}"},"query-input":{"@type":"PropertyValueSpecification","valueRequired":true,"valueName":"search_term_string"}}],"inLanguage":"pt-BR"},{"@type":"Person","@id":"https:\/\/www.prcardio.org\/profissionais-saude\/#\/schema\/person\/db3ecd9bf1d73b732be05640b4782b92","name":"andrea","image":{"@type":"ImageObject","inLanguage":"pt-BR","@id":"https:\/\/secure.gravatar.com\/avatar\/973e78e9cdec0d8c13959e68ea3a487f78d1a33644dfeb9c0d4bc7bd94fe8c6d?s=96&d=mm&r=g","url":"https:\/\/secure.gravatar.com\/avatar\/973e78e9cdec0d8c13959e68ea3a487f78d1a33644dfeb9c0d4bc7bd94fe8c6d?s=96&d=mm&r=g","contentUrl":"https:\/\/secure.gravatar.com\/avatar\/973e78e9cdec0d8c13959e68ea3a487f78d1a33644dfeb9c0d4bc7bd94fe8c6d?s=96&d=mm&r=g","caption":"andrea"},"url":"https:\/\/www.prcardio.org\/profissionais-saude\/author\/andrea\/"}]}},"builder_content":"","_links":{"self":[{"href":"https:\/\/www.prcardio.org\/profissionais-saude\/wp-json\/wp\/v2\/posts\/3664","targetHints":{"allow":["GET"]}}],"collection":[{"href":"https:\/\/www.prcardio.org\/profissionais-saude\/wp-json\/wp\/v2\/posts"}],"about":[{"href":"https:\/\/www.prcardio.org\/profissionais-saude\/wp-json\/wp\/v2\/types\/post"}],"author":[{"embeddable":true,"href":"https:\/\/www.prcardio.org\/profissionais-saude\/wp-json\/wp\/v2\/users\/11"}],"replies":[{"embeddable":true,"href":"https:\/\/www.prcardio.org\/profissionais-saude\/wp-json\/wp\/v2\/comments?post=3664"}],"version-history":[{"count":6,"href":"https:\/\/www.prcardio.org\/profissionais-saude\/wp-json\/wp\/v2\/posts\/3664\/revisions"}],"predecessor-version":[{"id":3673,"href":"https:\/\/www.prcardio.org\/profissionais-saude\/wp-json\/wp\/v2\/posts\/3664\/revisions\/3673"}],"wp:attachment":[{"href":"https:\/\/www.prcardio.org\/profissionais-saude\/wp-json\/wp\/v2\/media?parent=3664"}],"wp:term":[{"taxonomy":"category","embeddable":true,"href":"https:\/\/www.prcardio.org\/profissionais-saude\/wp-json\/wp\/v2\/categories?post=3664"},{"taxonomy":"post_tag","embeddable":true,"href":"https:\/\/www.prcardio.org\/profissionais-saude\/wp-json\/wp\/v2\/tags?post=3664"}],"curies":[{"name":"wp","href":"https:\/\/api.w.org\/{rel}","templated":true}]}}