{"id":5929,"date":"2024-05-07T17:16:36","date_gmt":"2024-05-07T20:16:36","guid":{"rendered":"https:\/\/www.prcardio.org\/profissionais-saude\/?p=5929"},"modified":"2024-05-07T17:16:38","modified_gmt":"2024-05-07T20:16:38","slug":"solicitacao-de-revogacao-do-decreto-presidencial-11-999-2024","status":"publish","type":"post","link":"https:\/\/www.prcardio.org\/profissionais-saude\/solicitacao-de-revogacao-do-decreto-presidencial-11-999-2024\/","title":{"rendered":"Solicita\u00e7\u00e3o de Revoga\u00e7\u00e3o do Decreto Presidencial 11.999\/2024"},"content":{"rendered":"<p>Compartilhamos of\u00edcio enviado ao Excelent\u00edssimo Senhor Vice-Presidente, Dr. Geraldo Alckmin:<\/p>\n\n\n\n<p>A Sociedade Paranaense de Cardiologia, representando os interesses e preocupa\u00e7\u00f5es dos profissionais e estudantes da \u00e1rea de cardiologia no estado do Paran\u00e1, vem respeitosamente perante Vossa Excel\u00eancia solicitar a revoga\u00e7\u00e3o do Decreto Presidencial 11.999, de 2024.<\/p>\n\n\n\n<p>Entendemos a complexidade e os desafios inerentes \u00e0 gest\u00e3o da educa\u00e7\u00e3o m\u00e9dica e da sa\u00fade p\u00fablica no Brasil. No entanto, acreditamos firmemente que o referido decreto compromete a manuten\u00e7\u00e3o da qualidade do ensino nas resid\u00eancias m\u00e9dicas, aspecto fundamental para a forma\u00e7\u00e3o de profissionais qualificados e capazes de atender \u00e0s demandas da popula\u00e7\u00e3o brasileira com excel\u00eancia e humanidade.<\/p>\n\n\n\n<p>&nbsp;&nbsp;&nbsp;&nbsp;&nbsp;&nbsp;&nbsp;&nbsp;&nbsp;&nbsp;&nbsp; Neste sentido, a Sociedade Paranaense de Cardiologia apoia as entidades de classe que j\u00e1 se manifestaram pela revoga\u00e7\u00e3o deste decreto e solicita que Vossa Excel\u00eancia, na posi\u00e7\u00e3o de Vice-Presidente da Rep\u00fablica e considerando sua conhecida dedica\u00e7\u00e3o \u00e0s causas sociais, a sa\u00fade e \u00e0 educa\u00e7\u00e3o, interceda junto ao governo federal para a revis\u00e3o desta medida.<\/p>\n\n\n\n<p>&nbsp;&nbsp;&nbsp;&nbsp;&nbsp;&nbsp;&nbsp;&nbsp;&nbsp;&nbsp;&nbsp; Estamos convencidos de que o di\u00e1logo e a colabora\u00e7\u00e3o entre as entidades m\u00e9dicas, a sociedade civil e o governo s\u00e3o fundamentais para promover as altera\u00e7\u00f5es necess\u00e1rias nas pol\u00edticas p\u00fablicas, visando sempre o bem-estar da popula\u00e7\u00e3o e a valoriza\u00e7\u00e3o dos profissionais de sa\u00fade e por isso colocamo-nos \u00e0 disposi\u00e7\u00e3o para contribuir com o debate e a elabora\u00e7\u00e3o de propostas que assegurem a excel\u00eancia na forma\u00e7\u00e3o m\u00e9dica e, consequentemente, na qualidade da assist\u00eancia \u00e0 sa\u00fade no Brasil.<\/p>\n\n\n\n<p>Atenciosamente,<\/p>\n\n\n\n<p>Willian Nazima<\/p>\n\n\n\n<p>Presidente da Sociedade Paranaense de Cardiologia<\/p>\n\n<!--themify_builder_content-->\n<div id=\"themify_builder_content-5929\" data-postid=\"5929\" class=\"themify_builder_content themify_builder_content-5929 themify_builder tf_clear\">\n    <\/div>\n<!--\/themify_builder_content-->","protected":false},"excerpt":{"rendered":"<p>Compartilhamos of\u00edcio enviado ao Excelent\u00edssimo Senhor Vice-Presidente, Dr. Geraldo Alckmin: A Sociedade Paranaense de Cardiologia, representando os interesses e preocupa\u00e7\u00f5es dos profissionais e estudantes da \u00e1rea de cardiologia no estado do Paran\u00e1, vem respeitosamente perante Vossa Excel\u00eancia solicitar a revoga\u00e7\u00e3o do Decreto Presidencial 11.999, de 2024. Entendemos a complexidade e os desafios inerentes \u00e0 gest\u00e3o [&hellip;]<\/p>\n","protected":false},"author":100,"featured_media":5930,"comment_status":"closed","ping_status":"open","sticky":true,"template":"","format":"standard","meta":{"footnotes":""},"categories":[2],"tags":[],"class_list":["post-5929","post","type-post","status-publish","format-standard","has-post-thumbnail","hentry","category-noticias","has-post-title","has-post-date","has-post-category","has-post-tag","has-post-comment","has-post-author",""],"yoast_head":"<!-- This site is optimized with the Yoast SEO plugin v27.4 - https:\/\/yoast.com\/product\/yoast-seo-wordpress\/ -->\n<title>SPC - Sociedade Paranaense de Cardiologia<\/title>\n<meta name=\"robots\" content=\"index, follow, max-snippet:-1, max-image-preview:large, max-video-preview:-1\" \/>\n<link rel=\"canonical\" href=\"https:\/\/www.prcardio.org\/profissionais-saude\/solicitacao-de-revogacao-do-decreto-presidencial-11-999-2024\/\" \/>\n<meta property=\"og:locale\" content=\"pt_BR\" \/>\n<meta property=\"og:type\" content=\"article\" \/>\n<meta property=\"og:title\" content=\"SPC - Sociedade Paranaense de Cardiologia\" \/>\n<meta property=\"og:description\" content=\"Compartilhamos of\u00edcio enviado ao Excelent\u00edssimo Senhor Vice-Presidente, Dr. Geraldo Alckmin: A Sociedade Paranaense de Cardiologia, representando os interesses e preocupa\u00e7\u00f5es dos profissionais e estudantes da \u00e1rea de cardiologia no estado do Paran\u00e1, vem respeitosamente perante Vossa Excel\u00eancia solicitar a revoga\u00e7\u00e3o do Decreto Presidencial 11.999, de 2024. Entendemos a complexidade e os desafios inerentes \u00e0 gest\u00e3o [&hellip;]\" \/>\n<meta property=\"og:url\" content=\"https:\/\/www.prcardio.org\/profissionais-saude\/solicitacao-de-revogacao-do-decreto-presidencial-11-999-2024\/\" \/>\n<meta property=\"og:site_name\" content=\"SPC - Sociedade Paranaense de Cardiologia\" \/>\n<meta property=\"article:published_time\" content=\"2024-05-07T20:16:36+00:00\" \/>\n<meta property=\"article:modified_time\" content=\"2024-05-07T20:16:38+00:00\" \/>\n<meta property=\"og:image\" content=\"http:\/\/www.prcardio.org\/profissionais-saude\/wp-content\/uploads\/sites\/2\/2024\/05\/SPC_Carta_Lei.jpg\" \/>\n\t<meta property=\"og:image:width\" content=\"1080\" \/>\n\t<meta property=\"og:image:height\" content=\"1080\" \/>\n\t<meta property=\"og:image:type\" content=\"image\/jpeg\" \/>\n<meta name=\"author\" content=\"daniela\" \/>\n<meta name=\"twitter:card\" content=\"summary_large_image\" \/>\n<meta name=\"twitter:label1\" content=\"Written by\" \/>\n\t<meta name=\"twitter:data1\" content=\"daniela\" \/>\n\t<meta name=\"twitter:label2\" content=\"Est. reading time\" \/>\n\t<meta name=\"twitter:data2\" content=\"1 minute\" \/>\n<script type=\"application\/ld+json\" class=\"yoast-schema-graph\">{\"@context\":\"https:\\\/\\\/schema.org\",\"@graph\":[{\"@type\":\"Article\",\"@id\":\"https:\\\/\\\/www.prcardio.org\\\/profissionais-saude\\\/solicitacao-de-revogacao-do-decreto-presidencial-11-999-2024\\\/#article\",\"isPartOf\":{\"@id\":\"https:\\\/\\\/www.prcardio.org\\\/profissionais-saude\\\/solicitacao-de-revogacao-do-decreto-presidencial-11-999-2024\\\/\"},\"author\":{\"name\":\"daniela\",\"@id\":\"https:\\\/\\\/www.prcardio.org\\\/profissionais-saude\\\/#\\\/schema\\\/person\\\/813e3dae1d9effadb28e101f21219d42\"},\"headline\":\"Solicita\u00e7\u00e3o de Revoga\u00e7\u00e3o do Decreto Presidencial 11.999\\\/2024\",\"datePublished\":\"2024-05-07T20:16:36+00:00\",\"dateModified\":\"2024-05-07T20:16:38+00:00\",\"mainEntityOfPage\":{\"@id\":\"https:\\\/\\\/www.prcardio.org\\\/profissionais-saude\\\/solicitacao-de-revogacao-do-decreto-presidencial-11-999-2024\\\/\"},\"wordCount\":307,\"image\":{\"@id\":\"https:\\\/\\\/www.prcardio.org\\\/profissionais-saude\\\/solicitacao-de-revogacao-do-decreto-presidencial-11-999-2024\\\/#primaryimage\"},\"thumbnailUrl\":\"https:\\\/\\\/www.prcardio.org\\\/profissionais-saude\\\/wp-content\\\/uploads\\\/sites\\\/2\\\/2024\\\/05\\\/SPC_Carta_Lei.jpg\",\"articleSection\":[\"Not\u00edcias\"],\"inLanguage\":\"pt-BR\"},{\"@type\":\"WebPage\",\"@id\":\"https:\\\/\\\/www.prcardio.org\\\/profissionais-saude\\\/solicitacao-de-revogacao-do-decreto-presidencial-11-999-2024\\\/\",\"url\":\"https:\\\/\\\/www.prcardio.org\\\/profissionais-saude\\\/solicitacao-de-revogacao-do-decreto-presidencial-11-999-2024\\\/\",\"name\":\"SPC - Sociedade Paranaense de Cardiologia\",\"isPartOf\":{\"@id\":\"https:\\\/\\\/www.prcardio.org\\\/profissionais-saude\\\/#website\"},\"primaryImageOfPage\":{\"@id\":\"https:\\\/\\\/www.prcardio.org\\\/profissionais-saude\\\/solicitacao-de-revogacao-do-decreto-presidencial-11-999-2024\\\/#primaryimage\"},\"image\":{\"@id\":\"https:\\\/\\\/www.prcardio.org\\\/profissionais-saude\\\/solicitacao-de-revogacao-do-decreto-presidencial-11-999-2024\\\/#primaryimage\"},\"thumbnailUrl\":\"https:\\\/\\\/www.prcardio.org\\\/profissionais-saude\\\/wp-content\\\/uploads\\\/sites\\\/2\\\/2024\\\/05\\\/SPC_Carta_Lei.jpg\",\"datePublished\":\"2024-05-07T20:16:36+00:00\",\"dateModified\":\"2024-05-07T20:16:38+00:00\",\"author\":{\"@id\":\"https:\\\/\\\/www.prcardio.org\\\/profissionais-saude\\\/#\\\/schema\\\/person\\\/813e3dae1d9effadb28e101f21219d42\"},\"breadcrumb\":{\"@id\":\"https:\\\/\\\/www.prcardio.org\\\/profissionais-saude\\\/solicitacao-de-revogacao-do-decreto-presidencial-11-999-2024\\\/#breadcrumb\"},\"inLanguage\":\"pt-BR\",\"potentialAction\":[{\"@type\":\"ReadAction\",\"target\":[\"https:\\\/\\\/www.prcardio.org\\\/profissionais-saude\\\/solicitacao-de-revogacao-do-decreto-presidencial-11-999-2024\\\/\"]}]},{\"@type\":\"ImageObject\",\"inLanguage\":\"pt-BR\",\"@id\":\"https:\\\/\\\/www.prcardio.org\\\/profissionais-saude\\\/solicitacao-de-revogacao-do-decreto-presidencial-11-999-2024\\\/#primaryimage\",\"url\":\"https:\\\/\\\/www.prcardio.org\\\/profissionais-saude\\\/wp-content\\\/uploads\\\/sites\\\/2\\\/2024\\\/05\\\/SPC_Carta_Lei.jpg\",\"contentUrl\":\"https:\\\/\\\/www.prcardio.org\\\/profissionais-saude\\\/wp-content\\\/uploads\\\/sites\\\/2\\\/2024\\\/05\\\/SPC_Carta_Lei.jpg\",\"width\":1080,\"height\":1080},{\"@type\":\"BreadcrumbList\",\"@id\":\"https:\\\/\\\/www.prcardio.org\\\/profissionais-saude\\\/solicitacao-de-revogacao-do-decreto-presidencial-11-999-2024\\\/#breadcrumb\",\"itemListElement\":[{\"@type\":\"ListItem\",\"position\":1,\"name\":\"In\u00edcio\",\"item\":\"https:\\\/\\\/www.prcardio.org\\\/profissionais-saude\\\/\"},{\"@type\":\"ListItem\",\"position\":2,\"name\":\"Solicita\u00e7\u00e3o de Revoga\u00e7\u00e3o do Decreto Presidencial 11.999\\\/2024\"}]},{\"@type\":\"WebSite\",\"@id\":\"https:\\\/\\\/www.prcardio.org\\\/profissionais-saude\\\/#website\",\"url\":\"https:\\\/\\\/www.prcardio.org\\\/profissionais-saude\\\/\",\"name\":\"SPC - Sociedade Paranaense de Cardiologia\",\"description\":\"\",\"potentialAction\":[{\"@type\":\"SearchAction\",\"target\":{\"@type\":\"EntryPoint\",\"urlTemplate\":\"https:\\\/\\\/www.prcardio.org\\\/profissionais-saude\\\/?s={search_term_string}\"},\"query-input\":{\"@type\":\"PropertyValueSpecification\",\"valueRequired\":true,\"valueName\":\"search_term_string\"}}],\"inLanguage\":\"pt-BR\"},{\"@type\":\"Person\",\"@id\":\"https:\\\/\\\/www.prcardio.org\\\/profissionais-saude\\\/#\\\/schema\\\/person\\\/813e3dae1d9effadb28e101f21219d42\",\"name\":\"daniela\",\"image\":{\"@type\":\"ImageObject\",\"inLanguage\":\"pt-BR\",\"@id\":\"https:\\\/\\\/secure.gravatar.com\\\/avatar\\\/35d9cded8a1981fd2e360193cc78d7a119830c723c83538157299bc035757fc3?s=96&d=mm&r=g\",\"url\":\"https:\\\/\\\/secure.gravatar.com\\\/avatar\\\/35d9cded8a1981fd2e360193cc78d7a119830c723c83538157299bc035757fc3?s=96&d=mm&r=g\",\"contentUrl\":\"https:\\\/\\\/secure.gravatar.com\\\/avatar\\\/35d9cded8a1981fd2e360193cc78d7a119830c723c83538157299bc035757fc3?s=96&d=mm&r=g\",\"caption\":\"daniela\"},\"url\":\"https:\\\/\\\/www.prcardio.org\\\/profissionais-saude\\\/author\\\/daniela\\\/\"}]}<\/script>\n<!-- \/ Yoast SEO plugin. -->","yoast_head_json":{"title":"SPC - Sociedade Paranaense de Cardiologia","robots":{"index":"index","follow":"follow","max-snippet":"max-snippet:-1","max-image-preview":"max-image-preview:large","max-video-preview":"max-video-preview:-1"},"canonical":"https:\/\/www.prcardio.org\/profissionais-saude\/solicitacao-de-revogacao-do-decreto-presidencial-11-999-2024\/","og_locale":"pt_BR","og_type":"article","og_title":"SPC - Sociedade Paranaense de Cardiologia","og_description":"Compartilhamos of\u00edcio enviado ao Excelent\u00edssimo Senhor Vice-Presidente, Dr. Geraldo Alckmin: A Sociedade Paranaense de Cardiologia, representando os interesses e preocupa\u00e7\u00f5es dos profissionais e estudantes da \u00e1rea de cardiologia no estado do Paran\u00e1, vem respeitosamente perante Vossa Excel\u00eancia solicitar a revoga\u00e7\u00e3o do Decreto Presidencial 11.999, de 2024. Entendemos a complexidade e os desafios inerentes \u00e0 gest\u00e3o [&hellip;]","og_url":"https:\/\/www.prcardio.org\/profissionais-saude\/solicitacao-de-revogacao-do-decreto-presidencial-11-999-2024\/","og_site_name":"SPC - Sociedade Paranaense de Cardiologia","article_published_time":"2024-05-07T20:16:36+00:00","article_modified_time":"2024-05-07T20:16:38+00:00","og_image":[{"width":1080,"height":1080,"url":"http:\/\/www.prcardio.org\/profissionais-saude\/wp-content\/uploads\/sites\/2\/2024\/05\/SPC_Carta_Lei.jpg","type":"image\/jpeg"}],"author":"daniela","twitter_card":"summary_large_image","twitter_misc":{"Written by":"daniela","Est. reading time":"1 minute"},"schema":{"@context":"https:\/\/schema.org","@graph":[{"@type":"Article","@id":"https:\/\/www.prcardio.org\/profissionais-saude\/solicitacao-de-revogacao-do-decreto-presidencial-11-999-2024\/#article","isPartOf":{"@id":"https:\/\/www.prcardio.org\/profissionais-saude\/solicitacao-de-revogacao-do-decreto-presidencial-11-999-2024\/"},"author":{"name":"daniela","@id":"https:\/\/www.prcardio.org\/profissionais-saude\/#\/schema\/person\/813e3dae1d9effadb28e101f21219d42"},"headline":"Solicita\u00e7\u00e3o de Revoga\u00e7\u00e3o do Decreto Presidencial 11.999\/2024","datePublished":"2024-05-07T20:16:36+00:00","dateModified":"2024-05-07T20:16:38+00:00","mainEntityOfPage":{"@id":"https:\/\/www.prcardio.org\/profissionais-saude\/solicitacao-de-revogacao-do-decreto-presidencial-11-999-2024\/"},"wordCount":307,"image":{"@id":"https:\/\/www.prcardio.org\/profissionais-saude\/solicitacao-de-revogacao-do-decreto-presidencial-11-999-2024\/#primaryimage"},"thumbnailUrl":"https:\/\/www.prcardio.org\/profissionais-saude\/wp-content\/uploads\/sites\/2\/2024\/05\/SPC_Carta_Lei.jpg","articleSection":["Not\u00edcias"],"inLanguage":"pt-BR"},{"@type":"WebPage","@id":"https:\/\/www.prcardio.org\/profissionais-saude\/solicitacao-de-revogacao-do-decreto-presidencial-11-999-2024\/","url":"https:\/\/www.prcardio.org\/profissionais-saude\/solicitacao-de-revogacao-do-decreto-presidencial-11-999-2024\/","name":"SPC - Sociedade Paranaense de Cardiologia","isPartOf":{"@id":"https:\/\/www.prcardio.org\/profissionais-saude\/#website"},"primaryImageOfPage":{"@id":"https:\/\/www.prcardio.org\/profissionais-saude\/solicitacao-de-revogacao-do-decreto-presidencial-11-999-2024\/#primaryimage"},"image":{"@id":"https:\/\/www.prcardio.org\/profissionais-saude\/solicitacao-de-revogacao-do-decreto-presidencial-11-999-2024\/#primaryimage"},"thumbnailUrl":"https:\/\/www.prcardio.org\/profissionais-saude\/wp-content\/uploads\/sites\/2\/2024\/05\/SPC_Carta_Lei.jpg","datePublished":"2024-05-07T20:16:36+00:00","dateModified":"2024-05-07T20:16:38+00:00","author":{"@id":"https:\/\/www.prcardio.org\/profissionais-saude\/#\/schema\/person\/813e3dae1d9effadb28e101f21219d42"},"breadcrumb":{"@id":"https:\/\/www.prcardio.org\/profissionais-saude\/solicitacao-de-revogacao-do-decreto-presidencial-11-999-2024\/#breadcrumb"},"inLanguage":"pt-BR","potentialAction":[{"@type":"ReadAction","target":["https:\/\/www.prcardio.org\/profissionais-saude\/solicitacao-de-revogacao-do-decreto-presidencial-11-999-2024\/"]}]},{"@type":"ImageObject","inLanguage":"pt-BR","@id":"https:\/\/www.prcardio.org\/profissionais-saude\/solicitacao-de-revogacao-do-decreto-presidencial-11-999-2024\/#primaryimage","url":"https:\/\/www.prcardio.org\/profissionais-saude\/wp-content\/uploads\/sites\/2\/2024\/05\/SPC_Carta_Lei.jpg","contentUrl":"https:\/\/www.prcardio.org\/profissionais-saude\/wp-content\/uploads\/sites\/2\/2024\/05\/SPC_Carta_Lei.jpg","width":1080,"height":1080},{"@type":"BreadcrumbList","@id":"https:\/\/www.prcardio.org\/profissionais-saude\/solicitacao-de-revogacao-do-decreto-presidencial-11-999-2024\/#breadcrumb","itemListElement":[{"@type":"ListItem","position":1,"name":"In\u00edcio","item":"https:\/\/www.prcardio.org\/profissionais-saude\/"},{"@type":"ListItem","position":2,"name":"Solicita\u00e7\u00e3o de Revoga\u00e7\u00e3o do Decreto Presidencial 11.999\/2024"}]},{"@type":"WebSite","@id":"https:\/\/www.prcardio.org\/profissionais-saude\/#website","url":"https:\/\/www.prcardio.org\/profissionais-saude\/","name":"SPC - Sociedade Paranaense de Cardiologia","description":"","potentialAction":[{"@type":"SearchAction","target":{"@type":"EntryPoint","urlTemplate":"https:\/\/www.prcardio.org\/profissionais-saude\/?s={search_term_string}"},"query-input":{"@type":"PropertyValueSpecification","valueRequired":true,"valueName":"search_term_string"}}],"inLanguage":"pt-BR"},{"@type":"Person","@id":"https:\/\/www.prcardio.org\/profissionais-saude\/#\/schema\/person\/813e3dae1d9effadb28e101f21219d42","name":"daniela","image":{"@type":"ImageObject","inLanguage":"pt-BR","@id":"https:\/\/secure.gravatar.com\/avatar\/35d9cded8a1981fd2e360193cc78d7a119830c723c83538157299bc035757fc3?s=96&d=mm&r=g","url":"https:\/\/secure.gravatar.com\/avatar\/35d9cded8a1981fd2e360193cc78d7a119830c723c83538157299bc035757fc3?s=96&d=mm&r=g","contentUrl":"https:\/\/secure.gravatar.com\/avatar\/35d9cded8a1981fd2e360193cc78d7a119830c723c83538157299bc035757fc3?s=96&d=mm&r=g","caption":"daniela"},"url":"https:\/\/www.prcardio.org\/profissionais-saude\/author\/daniela\/"}]}},"builder_content":"","_links":{"self":[{"href":"https:\/\/www.prcardio.org\/profissionais-saude\/wp-json\/wp\/v2\/posts\/5929","targetHints":{"allow":["GET"]}}],"collection":[{"href":"https:\/\/www.prcardio.org\/profissionais-saude\/wp-json\/wp\/v2\/posts"}],"about":[{"href":"https:\/\/www.prcardio.org\/profissionais-saude\/wp-json\/wp\/v2\/types\/post"}],"author":[{"embeddable":true,"href":"https:\/\/www.prcardio.org\/profissionais-saude\/wp-json\/wp\/v2\/users\/100"}],"replies":[{"embeddable":true,"href":"https:\/\/www.prcardio.org\/profissionais-saude\/wp-json\/wp\/v2\/comments?post=5929"}],"version-history":[{"count":1,"href":"https:\/\/www.prcardio.org\/profissionais-saude\/wp-json\/wp\/v2\/posts\/5929\/revisions"}],"predecessor-version":[{"id":5931,"href":"https:\/\/www.prcardio.org\/profissionais-saude\/wp-json\/wp\/v2\/posts\/5929\/revisions\/5931"}],"wp:featuredmedia":[{"embeddable":true,"href":"https:\/\/www.prcardio.org\/profissionais-saude\/wp-json\/wp\/v2\/media\/5930"}],"wp:attachment":[{"href":"https:\/\/www.prcardio.org\/profissionais-saude\/wp-json\/wp\/v2\/media?parent=5929"}],"wp:term":[{"taxonomy":"category","embeddable":true,"href":"https:\/\/www.prcardio.org\/profissionais-saude\/wp-json\/wp\/v2\/categories?post=5929"},{"taxonomy":"post_tag","embeddable":true,"href":"https:\/\/www.prcardio.org\/profissionais-saude\/wp-json\/wp\/v2\/tags?post=5929"}],"curies":[{"name":"wp","href":"https:\/\/api.w.org\/{rel}","templated":true}]}}