{"id":107,"date":"2020-03-15T14:23:23","date_gmt":"2020-03-15T17:23:23","guid":{"rendered":"http:\/\/template1.bs2.com.br\/publico-geral\/?p=107"},"modified":"2020-03-15T19:20:42","modified_gmt":"2020-03-15T22:20:42","slug":"existe-relacao-entre-depressao-e-coracao","status":"publish","type":"post","link":"https:\/\/www.prcardio.org\/publico-geral\/existe-relacao-entre-depressao-e-coracao\/","title":{"rendered":"EXISTE RELA\u00c7\u00c3O ENTRE DEPRESS\u00c3O E CORA\u00c7\u00c3O?"},"content":{"rendered":"<!--themify_builder_content-->\n<div id=\"themify_builder_content-107\" data-postid=\"107\" class=\"themify_builder_content themify_builder_content-107 themify_builder tf_clear\">\n    <\/div>\n<!--\/themify_builder_content-->\n\n\n<p> (Psic\u00f3loga Ana Cl\u00e1udia Merchan Giaxa, CRP 08\/6196) <\/p>\n\n\n\n<h3 class=\"wp-block-heading\">\u00c1rea de interesse: ESTRESSE<\/h3>\n\n\n\n<p><strong>Rela\u00e7\u00e3o entre Depress\u00e3o e Cora\u00e7\u00e3o<\/strong><\/p>\n\n\n\n<p>H\u00e1 duas possibilidades de serem pensadas;<\/p>\n\n\n\n<p>A primeira delas \u00e9 que a pessoa com depress\u00e3o se cuida menos e, por este motivo, fica mais exposta a comportamentos de risco para a sa\u00fade. Nesta rela\u00e7\u00e3o, os sintomas da depress\u00e3o associados \u00e0 baixa autoestima, des\u00e2nimo, favoreceriam o sedentarismo, aumento de peso com consequente aumento da press\u00e3o arterial e tend\u00eancia \u00e0 obesidade. Por outro lado, tamb\u00e9m sabemos que a depress\u00e3o traz tanto sintomas de ins\u00f4nia, como hipersonia (dormir muito), anedonia (falta de vontade ou des\u00e2nimo). Para a pessoa com depress\u00e3o n\u00e3o faz diferen\u00e7a ela se levantar e curtir o dia. Costumamos dizer que a pessoa com depress\u00e3o perde o sentido ou o \u00e2nimo da vida. Neste caso, ela pode vir a adoecer do cora\u00e7\u00e3o porque deixa de se cuidar de maneira geral, principalmente porque v\u00e1rios fatores para desenvolvimento de doen\u00e7as coronarianas dependem do estilo de vida, como por exemplo, o controle do peso e ter comportamento ativo (exerc\u00edcio).<\/p>\n\n\n\n<p>A segunda possibilidade \u00e9 mais voltada para a parte org\u00e2nica. Dados j\u00e1 identificaram que, tanto nos processos fisiol\u00f3gicos da depress\u00e3o, como no adoecimento card\u00edaco, h\u00e1 processos inflamat\u00f3rios envolvidos. Ent\u00e3o, a potencial rela\u00e7\u00e3o seria os processos inflamat\u00f3rios comuns \u00e0s duas patologias. S\u00e3o necess\u00e1rias mais pesquisas para saber se \u00e9 o adoecimento card\u00edaco que gera depress\u00e3o ou o contr\u00e1rio. Mas, de qualquer forma, \u00e9 sabido que o adoecimento card\u00edaco costuma vir acompanhado de quadros depressivos e necessita de aten\u00e7\u00e3o m\u00e9dica e medicamentosa.<\/p>","protected":false},"excerpt":{"rendered":"<p>(Psic\u00f3loga Ana Cl\u00e1udia Merchan Giaxa, CRP 08\/6196) \u00c1rea de interesse: ESTRESSE Rela\u00e7\u00e3o entre Depress\u00e3o e Cora\u00e7\u00e3o H\u00e1 duas possibilidades de serem pensadas; A primeira delas \u00e9 que a pessoa com depress\u00e3o se cuida menos e, por este motivo, fica mais exposta a comportamentos de risco para a sa\u00fade. Nesta rela\u00e7\u00e3o, os sintomas da depress\u00e3o associados [&hellip;]<\/p>\n","protected":false},"author":1,"featured_media":108,"comment_status":"open","ping_status":"open","sticky":false,"template":"","format":"standard","meta":{"footnotes":""},"categories":[9,22,2],"tags":[],"class_list":["post-107","post","type-post","status-publish","format-standard","has-post-thumbnail","hentry","category-estresse","category-materias-estresse","category-prevencao","has-post-title","has-post-date","has-post-category","has-post-tag","has-post-comment","has-post-author",""],"yoast_head":"<!-- This site is optimized with the Yoast SEO plugin v27.4 - https:\/\/yoast.com\/product\/yoast-seo-wordpress\/ -->\n<title>SPC - Sociedade Paranaense de Cardiologia<\/title>\n<meta name=\"robots\" content=\"index, follow, max-snippet:-1, max-image-preview:large, max-video-preview:-1\" \/>\n<link rel=\"canonical\" href=\"https:\/\/www.prcardio.org\/publico-geral\/existe-relacao-entre-depressao-e-coracao\/\" \/>\n<meta property=\"og:locale\" content=\"pt_BR\" \/>\n<meta property=\"og:type\" content=\"article\" \/>\n<meta property=\"og:title\" content=\"SPC - Sociedade Paranaense de Cardiologia\" \/>\n<meta property=\"og:description\" content=\"(Psic\u00f3loga Ana Cl\u00e1udia Merchan Giaxa, CRP 08\/6196) \u00c1rea de interesse: ESTRESSE Rela\u00e7\u00e3o entre Depress\u00e3o e Cora\u00e7\u00e3o H\u00e1 duas possibilidades de serem pensadas; A primeira delas \u00e9 que a pessoa com depress\u00e3o se cuida menos e, por este motivo, fica mais exposta a comportamentos de risco para a sa\u00fade. Nesta rela\u00e7\u00e3o, os sintomas da depress\u00e3o associados [&hellip;]\" \/>\n<meta property=\"og:url\" content=\"https:\/\/www.prcardio.org\/publico-geral\/existe-relacao-entre-depressao-e-coracao\/\" \/>\n<meta property=\"og:site_name\" content=\"SPC - Sociedade Paranaense de Cardiologia\" \/>\n<meta property=\"article:published_time\" content=\"2020-03-15T17:23:23+00:00\" \/>\n<meta property=\"article:modified_time\" content=\"2020-03-15T22:20:42+00:00\" \/>\n<meta property=\"og:image\" content=\"https:\/\/www.prcardio.org\/publico-geral\/wp-content\/uploads\/sites\/3\/2020\/03\/15323306982471.jpg\" \/>\n\t<meta property=\"og:image:width\" content=\"797\" \/>\n\t<meta property=\"og:image:height\" content=\"385\" \/>\n\t<meta property=\"og:image:type\" content=\"image\/jpeg\" \/>\n<meta name=\"author\" content=\"Hospedagem\" \/>\n<meta name=\"twitter:card\" content=\"summary_large_image\" \/>\n<meta name=\"twitter:label1\" content=\"Written by\" \/>\n\t<meta name=\"twitter:data1\" content=\"Hospedagem\" \/>\n\t<meta name=\"twitter:label2\" content=\"Est. reading time\" \/>\n\t<meta name=\"twitter:data2\" content=\"1 minute\" \/>\n<script type=\"application\/ld+json\" class=\"yoast-schema-graph\">{\"@context\":\"https:\\\/\\\/schema.org\",\"@graph\":[{\"@type\":\"Article\",\"@id\":\"https:\\\/\\\/www.prcardio.org\\\/publico-geral\\\/existe-relacao-entre-depressao-e-coracao\\\/#article\",\"isPartOf\":{\"@id\":\"https:\\\/\\\/www.prcardio.org\\\/publico-geral\\\/existe-relacao-entre-depressao-e-coracao\\\/\"},\"author\":{\"name\":\"Hospedagem\",\"@id\":\"https:\\\/\\\/www.prcardio.org\\\/publico-geral\\\/#\\\/schema\\\/person\\\/a9b1dff39e9c1d3ba41de0f3dd6e1104\"},\"headline\":\"EXISTE RELA\u00c7\u00c3O ENTRE DEPRESS\u00c3O E CORA\u00c7\u00c3O?\",\"datePublished\":\"2020-03-15T17:23:23+00:00\",\"dateModified\":\"2020-03-15T22:20:42+00:00\",\"mainEntityOfPage\":{\"@id\":\"https:\\\/\\\/www.prcardio.org\\\/publico-geral\\\/existe-relacao-entre-depressao-e-coracao\\\/\"},\"wordCount\":293,\"commentCount\":0,\"image\":{\"@id\":\"https:\\\/\\\/www.prcardio.org\\\/publico-geral\\\/existe-relacao-entre-depressao-e-coracao\\\/#primaryimage\"},\"thumbnailUrl\":\"https:\\\/\\\/www.prcardio.org\\\/publico-geral\\\/wp-content\\\/uploads\\\/sites\\\/3\\\/2020\\\/03\\\/15323306982471.jpg\",\"articleSection\":[\"Estresse\",\"Mat\u00e9rias\",\"Preven\u00e7\u00e3o\"],\"inLanguage\":\"pt-BR\",\"potentialAction\":[{\"@type\":\"CommentAction\",\"name\":\"Comment\",\"target\":[\"https:\\\/\\\/www.prcardio.org\\\/publico-geral\\\/existe-relacao-entre-depressao-e-coracao\\\/#respond\"]}]},{\"@type\":\"WebPage\",\"@id\":\"https:\\\/\\\/www.prcardio.org\\\/publico-geral\\\/existe-relacao-entre-depressao-e-coracao\\\/\",\"url\":\"https:\\\/\\\/www.prcardio.org\\\/publico-geral\\\/existe-relacao-entre-depressao-e-coracao\\\/\",\"name\":\"SPC - Sociedade Paranaense de Cardiologia\",\"isPartOf\":{\"@id\":\"https:\\\/\\\/www.prcardio.org\\\/publico-geral\\\/#website\"},\"primaryImageOfPage\":{\"@id\":\"https:\\\/\\\/www.prcardio.org\\\/publico-geral\\\/existe-relacao-entre-depressao-e-coracao\\\/#primaryimage\"},\"image\":{\"@id\":\"https:\\\/\\\/www.prcardio.org\\\/publico-geral\\\/existe-relacao-entre-depressao-e-coracao\\\/#primaryimage\"},\"thumbnailUrl\":\"https:\\\/\\\/www.prcardio.org\\\/publico-geral\\\/wp-content\\\/uploads\\\/sites\\\/3\\\/2020\\\/03\\\/15323306982471.jpg\",\"datePublished\":\"2020-03-15T17:23:23+00:00\",\"dateModified\":\"2020-03-15T22:20:42+00:00\",\"author\":{\"@id\":\"https:\\\/\\\/www.prcardio.org\\\/publico-geral\\\/#\\\/schema\\\/person\\\/a9b1dff39e9c1d3ba41de0f3dd6e1104\"},\"breadcrumb\":{\"@id\":\"https:\\\/\\\/www.prcardio.org\\\/publico-geral\\\/existe-relacao-entre-depressao-e-coracao\\\/#breadcrumb\"},\"inLanguage\":\"pt-BR\",\"potentialAction\":[{\"@type\":\"ReadAction\",\"target\":[\"https:\\\/\\\/www.prcardio.org\\\/publico-geral\\\/existe-relacao-entre-depressao-e-coracao\\\/\"]}]},{\"@type\":\"ImageObject\",\"inLanguage\":\"pt-BR\",\"@id\":\"https:\\\/\\\/www.prcardio.org\\\/publico-geral\\\/existe-relacao-entre-depressao-e-coracao\\\/#primaryimage\",\"url\":\"https:\\\/\\\/www.prcardio.org\\\/publico-geral\\\/wp-content\\\/uploads\\\/sites\\\/3\\\/2020\\\/03\\\/15323306982471.jpg\",\"contentUrl\":\"https:\\\/\\\/www.prcardio.org\\\/publico-geral\\\/wp-content\\\/uploads\\\/sites\\\/3\\\/2020\\\/03\\\/15323306982471.jpg\",\"width\":797,\"height\":385},{\"@type\":\"BreadcrumbList\",\"@id\":\"https:\\\/\\\/www.prcardio.org\\\/publico-geral\\\/existe-relacao-entre-depressao-e-coracao\\\/#breadcrumb\",\"itemListElement\":[{\"@type\":\"ListItem\",\"position\":1,\"name\":\"In\u00edcio\",\"item\":\"https:\\\/\\\/www.prcardio.org\\\/publico-geral\\\/\"},{\"@type\":\"ListItem\",\"position\":2,\"name\":\"EXISTE RELA\u00c7\u00c3O ENTRE DEPRESS\u00c3O E CORA\u00c7\u00c3O?\"}]},{\"@type\":\"WebSite\",\"@id\":\"https:\\\/\\\/www.prcardio.org\\\/publico-geral\\\/#website\",\"url\":\"https:\\\/\\\/www.prcardio.org\\\/publico-geral\\\/\",\"name\":\"SPC - Sociedade Paranaense de Cardiologia\",\"description\":\"\",\"potentialAction\":[{\"@type\":\"SearchAction\",\"target\":{\"@type\":\"EntryPoint\",\"urlTemplate\":\"https:\\\/\\\/www.prcardio.org\\\/publico-geral\\\/?s={search_term_string}\"},\"query-input\":{\"@type\":\"PropertyValueSpecification\",\"valueRequired\":true,\"valueName\":\"search_term_string\"}}],\"inLanguage\":\"pt-BR\"},{\"@type\":\"Person\",\"@id\":\"https:\\\/\\\/www.prcardio.org\\\/publico-geral\\\/#\\\/schema\\\/person\\\/a9b1dff39e9c1d3ba41de0f3dd6e1104\",\"name\":\"Hospedagem\",\"image\":{\"@type\":\"ImageObject\",\"inLanguage\":\"pt-BR\",\"@id\":\"https:\\\/\\\/secure.gravatar.com\\\/avatar\\\/d1f33b566fe696af9b34d27adf7f4946e34028f4c303a6217cfc8e842e418d79?s=96&d=mm&r=g\",\"url\":\"https:\\\/\\\/secure.gravatar.com\\\/avatar\\\/d1f33b566fe696af9b34d27adf7f4946e34028f4c303a6217cfc8e842e418d79?s=96&d=mm&r=g\",\"contentUrl\":\"https:\\\/\\\/secure.gravatar.com\\\/avatar\\\/d1f33b566fe696af9b34d27adf7f4946e34028f4c303a6217cfc8e842e418d79?s=96&d=mm&r=g\",\"caption\":\"Hospedagem\"},\"url\":\"https:\\\/\\\/www.prcardio.org\\\/publico-geral\\\/author\\\/bs2\\\/\"}]}<\/script>\n<!-- \/ Yoast SEO plugin. -->","yoast_head_json":{"title":"SPC - Sociedade Paranaense de Cardiologia","robots":{"index":"index","follow":"follow","max-snippet":"max-snippet:-1","max-image-preview":"max-image-preview:large","max-video-preview":"max-video-preview:-1"},"canonical":"https:\/\/www.prcardio.org\/publico-geral\/existe-relacao-entre-depressao-e-coracao\/","og_locale":"pt_BR","og_type":"article","og_title":"SPC - Sociedade Paranaense de Cardiologia","og_description":"(Psic\u00f3loga Ana Cl\u00e1udia Merchan Giaxa, CRP 08\/6196) \u00c1rea de interesse: ESTRESSE Rela\u00e7\u00e3o entre Depress\u00e3o e Cora\u00e7\u00e3o H\u00e1 duas possibilidades de serem pensadas; A primeira delas \u00e9 que a pessoa com depress\u00e3o se cuida menos e, por este motivo, fica mais exposta a comportamentos de risco para a sa\u00fade. Nesta rela\u00e7\u00e3o, os sintomas da depress\u00e3o associados [&hellip;]","og_url":"https:\/\/www.prcardio.org\/publico-geral\/existe-relacao-entre-depressao-e-coracao\/","og_site_name":"SPC - Sociedade Paranaense de Cardiologia","article_published_time":"2020-03-15T17:23:23+00:00","article_modified_time":"2020-03-15T22:20:42+00:00","og_image":[{"width":797,"height":385,"url":"https:\/\/www.prcardio.org\/publico-geral\/wp-content\/uploads\/sites\/3\/2020\/03\/15323306982471.jpg","type":"image\/jpeg"}],"author":"Hospedagem","twitter_card":"summary_large_image","twitter_misc":{"Written by":"Hospedagem","Est. reading time":"1 minute"},"schema":{"@context":"https:\/\/schema.org","@graph":[{"@type":"Article","@id":"https:\/\/www.prcardio.org\/publico-geral\/existe-relacao-entre-depressao-e-coracao\/#article","isPartOf":{"@id":"https:\/\/www.prcardio.org\/publico-geral\/existe-relacao-entre-depressao-e-coracao\/"},"author":{"name":"Hospedagem","@id":"https:\/\/www.prcardio.org\/publico-geral\/#\/schema\/person\/a9b1dff39e9c1d3ba41de0f3dd6e1104"},"headline":"EXISTE RELA\u00c7\u00c3O ENTRE DEPRESS\u00c3O E CORA\u00c7\u00c3O?","datePublished":"2020-03-15T17:23:23+00:00","dateModified":"2020-03-15T22:20:42+00:00","mainEntityOfPage":{"@id":"https:\/\/www.prcardio.org\/publico-geral\/existe-relacao-entre-depressao-e-coracao\/"},"wordCount":293,"commentCount":0,"image":{"@id":"https:\/\/www.prcardio.org\/publico-geral\/existe-relacao-entre-depressao-e-coracao\/#primaryimage"},"thumbnailUrl":"https:\/\/www.prcardio.org\/publico-geral\/wp-content\/uploads\/sites\/3\/2020\/03\/15323306982471.jpg","articleSection":["Estresse","Mat\u00e9rias","Preven\u00e7\u00e3o"],"inLanguage":"pt-BR","potentialAction":[{"@type":"CommentAction","name":"Comment","target":["https:\/\/www.prcardio.org\/publico-geral\/existe-relacao-entre-depressao-e-coracao\/#respond"]}]},{"@type":"WebPage","@id":"https:\/\/www.prcardio.org\/publico-geral\/existe-relacao-entre-depressao-e-coracao\/","url":"https:\/\/www.prcardio.org\/publico-geral\/existe-relacao-entre-depressao-e-coracao\/","name":"SPC - Sociedade Paranaense de Cardiologia","isPartOf":{"@id":"https:\/\/www.prcardio.org\/publico-geral\/#website"},"primaryImageOfPage":{"@id":"https:\/\/www.prcardio.org\/publico-geral\/existe-relacao-entre-depressao-e-coracao\/#primaryimage"},"image":{"@id":"https:\/\/www.prcardio.org\/publico-geral\/existe-relacao-entre-depressao-e-coracao\/#primaryimage"},"thumbnailUrl":"https:\/\/www.prcardio.org\/publico-geral\/wp-content\/uploads\/sites\/3\/2020\/03\/15323306982471.jpg","datePublished":"2020-03-15T17:23:23+00:00","dateModified":"2020-03-15T22:20:42+00:00","author":{"@id":"https:\/\/www.prcardio.org\/publico-geral\/#\/schema\/person\/a9b1dff39e9c1d3ba41de0f3dd6e1104"},"breadcrumb":{"@id":"https:\/\/www.prcardio.org\/publico-geral\/existe-relacao-entre-depressao-e-coracao\/#breadcrumb"},"inLanguage":"pt-BR","potentialAction":[{"@type":"ReadAction","target":["https:\/\/www.prcardio.org\/publico-geral\/existe-relacao-entre-depressao-e-coracao\/"]}]},{"@type":"ImageObject","inLanguage":"pt-BR","@id":"https:\/\/www.prcardio.org\/publico-geral\/existe-relacao-entre-depressao-e-coracao\/#primaryimage","url":"https:\/\/www.prcardio.org\/publico-geral\/wp-content\/uploads\/sites\/3\/2020\/03\/15323306982471.jpg","contentUrl":"https:\/\/www.prcardio.org\/publico-geral\/wp-content\/uploads\/sites\/3\/2020\/03\/15323306982471.jpg","width":797,"height":385},{"@type":"BreadcrumbList","@id":"https:\/\/www.prcardio.org\/publico-geral\/existe-relacao-entre-depressao-e-coracao\/#breadcrumb","itemListElement":[{"@type":"ListItem","position":1,"name":"In\u00edcio","item":"https:\/\/www.prcardio.org\/publico-geral\/"},{"@type":"ListItem","position":2,"name":"EXISTE RELA\u00c7\u00c3O ENTRE DEPRESS\u00c3O E CORA\u00c7\u00c3O?"}]},{"@type":"WebSite","@id":"https:\/\/www.prcardio.org\/publico-geral\/#website","url":"https:\/\/www.prcardio.org\/publico-geral\/","name":"SPC - Sociedade Paranaense de Cardiologia","description":"","potentialAction":[{"@type":"SearchAction","target":{"@type":"EntryPoint","urlTemplate":"https:\/\/www.prcardio.org\/publico-geral\/?s={search_term_string}"},"query-input":{"@type":"PropertyValueSpecification","valueRequired":true,"valueName":"search_term_string"}}],"inLanguage":"pt-BR"},{"@type":"Person","@id":"https:\/\/www.prcardio.org\/publico-geral\/#\/schema\/person\/a9b1dff39e9c1d3ba41de0f3dd6e1104","name":"Hospedagem","image":{"@type":"ImageObject","inLanguage":"pt-BR","@id":"https:\/\/secure.gravatar.com\/avatar\/d1f33b566fe696af9b34d27adf7f4946e34028f4c303a6217cfc8e842e418d79?s=96&d=mm&r=g","url":"https:\/\/secure.gravatar.com\/avatar\/d1f33b566fe696af9b34d27adf7f4946e34028f4c303a6217cfc8e842e418d79?s=96&d=mm&r=g","contentUrl":"https:\/\/secure.gravatar.com\/avatar\/d1f33b566fe696af9b34d27adf7f4946e34028f4c303a6217cfc8e842e418d79?s=96&d=mm&r=g","caption":"Hospedagem"},"url":"https:\/\/www.prcardio.org\/publico-geral\/author\/bs2\/"}]}},"builder_content":"","_links":{"self":[{"href":"https:\/\/www.prcardio.org\/publico-geral\/wp-json\/wp\/v2\/posts\/107","targetHints":{"allow":["GET"]}}],"collection":[{"href":"https:\/\/www.prcardio.org\/publico-geral\/wp-json\/wp\/v2\/posts"}],"about":[{"href":"https:\/\/www.prcardio.org\/publico-geral\/wp-json\/wp\/v2\/types\/post"}],"author":[{"embeddable":true,"href":"https:\/\/www.prcardio.org\/publico-geral\/wp-json\/wp\/v2\/users\/1"}],"replies":[{"embeddable":true,"href":"https:\/\/www.prcardio.org\/publico-geral\/wp-json\/wp\/v2\/comments?post=107"}],"version-history":[{"count":1,"href":"https:\/\/www.prcardio.org\/publico-geral\/wp-json\/wp\/v2\/posts\/107\/revisions"}],"predecessor-version":[{"id":109,"href":"https:\/\/www.prcardio.org\/publico-geral\/wp-json\/wp\/v2\/posts\/107\/revisions\/109"}],"wp:featuredmedia":[{"embeddable":true,"href":"https:\/\/www.prcardio.org\/publico-geral\/wp-json\/wp\/v2\/media\/108"}],"wp:attachment":[{"href":"https:\/\/www.prcardio.org\/publico-geral\/wp-json\/wp\/v2\/media?parent=107"}],"wp:term":[{"taxonomy":"category","embeddable":true,"href":"https:\/\/www.prcardio.org\/publico-geral\/wp-json\/wp\/v2\/categories?post=107"},{"taxonomy":"post_tag","embeddable":true,"href":"https:\/\/www.prcardio.org\/publico-geral\/wp-json\/wp\/v2\/tags?post=107"}],"curies":[{"name":"wp","href":"https:\/\/api.w.org\/{rel}","templated":true}]}}