{"id":209,"date":"2020-03-16T08:51:02","date_gmt":"2020-03-16T11:51:02","guid":{"rendered":"http:\/\/template1.bs2.com.br\/publico-geral\/?p=209"},"modified":"2020-03-16T08:51:07","modified_gmt":"2020-03-16T11:51:07","slug":"peras-em-calda-de-vinho-tinto","status":"publish","type":"post","link":"https:\/\/www.prcardio.org\/publico-geral\/peras-em-calda-de-vinho-tinto\/","title":{"rendered":"PERAS EM CALDA DE VINHO TINTO"},"content":{"rendered":"<!--themify_builder_content-->\n<div id=\"themify_builder_content-209\" data-postid=\"209\" class=\"themify_builder_content themify_builder_content-209 themify_builder tf_clear\">\n    <\/div>\n<!--\/themify_builder_content-->\n\n\n<p> Mara Regina Cili\u00e3o, Nutricionista(CRN 0900 8\u00aa. Regi\u00e3o) <\/p>\n\n\n\n<h3 class=\"wp-block-heading\">Ingredientes<\/h3>\n\n\n\n<p>6 peras m\u00e9dias (lavadas, descascadas e cortadas pela metade (longitudinal, retiradas o caro\u00e7o) Agua suficiente para cobrir as peras em uma panela 4 colheres de sopa de ado\u00e7ante granular sucralose para forno e fog\u00e3o 3 canelas em rama 1 colher de sobremesa de cravo da \u00edndia 2 unidades de anis estrelado 1 copo de 250 ml e \u00bd de vinho tinto seco<\/p>\n\n\n\n<h3 class=\"wp-block-heading\">Modo de preparo<\/h3>\n\n\n\n<p>Colocar as peras na panela com \u00e1gua e o ado\u00e7ante e deixar cozinhar. Quando levantar fervura, adicionar o vinho tinto, a canela, o cravo e o anis estrelado e deixar a panela parcialmente tampada em fogo m\u00e9dio at\u00e9 que a pera apresente uma consist\u00eancia macia e forme uma calda, caso achar necess\u00e1rio, acrescentar mais ado\u00e7ante. Preparar na v\u00e9spera e deixar na geladeira para servir no dia seguinte. Informa\u00e7\u00f5es Nutricionais Por\u00e7\u00e3o de uma pera em calda vinho Calorias: 104 Calorias Gorduras: 0,38 g \u00c1cidos Graxos Saturados: 0,04 g \u00c1cidos Graxos Monoinsaturados: 0,03 g \u00c1cidos Graxos Poliinsaturados: 0,12 g Fibras: 4,12 g\n\n<\/p>","protected":false},"excerpt":{"rendered":"<p>Mara Regina Cili\u00e3o, Nutricionista(CRN 0900 8\u00aa. Regi\u00e3o) Ingredientes 6 peras m\u00e9dias (lavadas, descascadas e cortadas pela metade (longitudinal, retiradas o caro\u00e7o) Agua suficiente para cobrir as peras em uma panela 4 colheres de sopa de ado\u00e7ante granular sucralose para forno e fog\u00e3o 3 canelas em rama 1 colher de sobremesa de cravo da \u00edndia 2 [&hellip;]<\/p>\n","protected":false},"author":1,"featured_media":210,"comment_status":"open","ping_status":"open","sticky":false,"template":"","format":"standard","meta":{"footnotes":""},"categories":[27],"tags":[],"class_list":["post-209","post","type-post","status-publish","format-standard","has-post-thumbnail","hentry","category-receitas","has-post-title","has-post-date","has-post-category","has-post-tag","has-post-comment","has-post-author",""],"yoast_head":"<!-- This site is optimized with the Yoast SEO plugin v27.4 - https:\/\/yoast.com\/product\/yoast-seo-wordpress\/ -->\n<title>SPC - Sociedade Paranaense de Cardiologia<\/title>\n<meta name=\"robots\" content=\"index, follow, max-snippet:-1, max-image-preview:large, max-video-preview:-1\" \/>\n<link rel=\"canonical\" href=\"https:\/\/www.prcardio.org\/publico-geral\/peras-em-calda-de-vinho-tinto\/\" \/>\n<meta property=\"og:locale\" content=\"pt_BR\" \/>\n<meta property=\"og:type\" content=\"article\" \/>\n<meta property=\"og:title\" content=\"SPC - Sociedade Paranaense de Cardiologia\" \/>\n<meta property=\"og:description\" content=\"Mara Regina Cili\u00e3o, Nutricionista(CRN 0900 8\u00aa. Regi\u00e3o) Ingredientes 6 peras m\u00e9dias (lavadas, descascadas e cortadas pela metade (longitudinal, retiradas o caro\u00e7o) Agua suficiente para cobrir as peras em uma panela 4 colheres de sopa de ado\u00e7ante granular sucralose para forno e fog\u00e3o 3 canelas em rama 1 colher de sobremesa de cravo da \u00edndia 2 [&hellip;]\" \/>\n<meta property=\"og:url\" content=\"https:\/\/www.prcardio.org\/publico-geral\/peras-em-calda-de-vinho-tinto\/\" \/>\n<meta property=\"og:site_name\" content=\"SPC - Sociedade Paranaense de Cardiologia\" \/>\n<meta property=\"article:published_time\" content=\"2020-03-16T11:51:02+00:00\" \/>\n<meta property=\"article:modified_time\" content=\"2020-03-16T11:51:07+00:00\" \/>\n<meta property=\"og:image\" content=\"https:\/\/www.prcardio.org\/publico-geral\/wp-content\/uploads\/sites\/3\/2020\/03\/peras-cozidas-no-vinho-031.jpg\" \/>\n\t<meta property=\"og:image:width\" content=\"800\" \/>\n\t<meta property=\"og:image:height\" content=\"507\" \/>\n\t<meta property=\"og:image:type\" content=\"image\/jpeg\" \/>\n<meta name=\"author\" content=\"Hospedagem\" \/>\n<meta name=\"twitter:card\" content=\"summary_large_image\" \/>\n<meta name=\"twitter:label1\" content=\"Written by\" \/>\n\t<meta name=\"twitter:data1\" content=\"Hospedagem\" \/>\n\t<meta name=\"twitter:label2\" content=\"Est. reading time\" \/>\n\t<meta name=\"twitter:data2\" content=\"1 minute\" \/>\n<script type=\"application\/ld+json\" class=\"yoast-schema-graph\">{\"@context\":\"https:\\\/\\\/schema.org\",\"@graph\":[{\"@type\":\"Article\",\"@id\":\"https:\\\/\\\/www.prcardio.org\\\/publico-geral\\\/peras-em-calda-de-vinho-tinto\\\/#article\",\"isPartOf\":{\"@id\":\"https:\\\/\\\/www.prcardio.org\\\/publico-geral\\\/peras-em-calda-de-vinho-tinto\\\/\"},\"author\":{\"name\":\"Hospedagem\",\"@id\":\"https:\\\/\\\/www.prcardio.org\\\/publico-geral\\\/#\\\/schema\\\/person\\\/a9b1dff39e9c1d3ba41de0f3dd6e1104\"},\"headline\":\"PERAS EM CALDA DE VINHO TINTO\",\"datePublished\":\"2020-03-16T11:51:02+00:00\",\"dateModified\":\"2020-03-16T11:51:07+00:00\",\"mainEntityOfPage\":{\"@id\":\"https:\\\/\\\/www.prcardio.org\\\/publico-geral\\\/peras-em-calda-de-vinho-tinto\\\/\"},\"wordCount\":178,\"commentCount\":0,\"image\":{\"@id\":\"https:\\\/\\\/www.prcardio.org\\\/publico-geral\\\/peras-em-calda-de-vinho-tinto\\\/#primaryimage\"},\"thumbnailUrl\":\"https:\\\/\\\/www.prcardio.org\\\/publico-geral\\\/wp-content\\\/uploads\\\/sites\\\/3\\\/2020\\\/03\\\/peras-cozidas-no-vinho-031.jpg\",\"articleSection\":[\"Receitas\"],\"inLanguage\":\"pt-BR\",\"potentialAction\":[{\"@type\":\"CommentAction\",\"name\":\"Comment\",\"target\":[\"https:\\\/\\\/www.prcardio.org\\\/publico-geral\\\/peras-em-calda-de-vinho-tinto\\\/#respond\"]}]},{\"@type\":\"WebPage\",\"@id\":\"https:\\\/\\\/www.prcardio.org\\\/publico-geral\\\/peras-em-calda-de-vinho-tinto\\\/\",\"url\":\"https:\\\/\\\/www.prcardio.org\\\/publico-geral\\\/peras-em-calda-de-vinho-tinto\\\/\",\"name\":\"SPC - Sociedade Paranaense de Cardiologia\",\"isPartOf\":{\"@id\":\"https:\\\/\\\/www.prcardio.org\\\/publico-geral\\\/#website\"},\"primaryImageOfPage\":{\"@id\":\"https:\\\/\\\/www.prcardio.org\\\/publico-geral\\\/peras-em-calda-de-vinho-tinto\\\/#primaryimage\"},\"image\":{\"@id\":\"https:\\\/\\\/www.prcardio.org\\\/publico-geral\\\/peras-em-calda-de-vinho-tinto\\\/#primaryimage\"},\"thumbnailUrl\":\"https:\\\/\\\/www.prcardio.org\\\/publico-geral\\\/wp-content\\\/uploads\\\/sites\\\/3\\\/2020\\\/03\\\/peras-cozidas-no-vinho-031.jpg\",\"datePublished\":\"2020-03-16T11:51:02+00:00\",\"dateModified\":\"2020-03-16T11:51:07+00:00\",\"author\":{\"@id\":\"https:\\\/\\\/www.prcardio.org\\\/publico-geral\\\/#\\\/schema\\\/person\\\/a9b1dff39e9c1d3ba41de0f3dd6e1104\"},\"breadcrumb\":{\"@id\":\"https:\\\/\\\/www.prcardio.org\\\/publico-geral\\\/peras-em-calda-de-vinho-tinto\\\/#breadcrumb\"},\"inLanguage\":\"pt-BR\",\"potentialAction\":[{\"@type\":\"ReadAction\",\"target\":[\"https:\\\/\\\/www.prcardio.org\\\/publico-geral\\\/peras-em-calda-de-vinho-tinto\\\/\"]}]},{\"@type\":\"ImageObject\",\"inLanguage\":\"pt-BR\",\"@id\":\"https:\\\/\\\/www.prcardio.org\\\/publico-geral\\\/peras-em-calda-de-vinho-tinto\\\/#primaryimage\",\"url\":\"https:\\\/\\\/www.prcardio.org\\\/publico-geral\\\/wp-content\\\/uploads\\\/sites\\\/3\\\/2020\\\/03\\\/peras-cozidas-no-vinho-031.jpg\",\"contentUrl\":\"https:\\\/\\\/www.prcardio.org\\\/publico-geral\\\/wp-content\\\/uploads\\\/sites\\\/3\\\/2020\\\/03\\\/peras-cozidas-no-vinho-031.jpg\",\"width\":800,\"height\":507},{\"@type\":\"BreadcrumbList\",\"@id\":\"https:\\\/\\\/www.prcardio.org\\\/publico-geral\\\/peras-em-calda-de-vinho-tinto\\\/#breadcrumb\",\"itemListElement\":[{\"@type\":\"ListItem\",\"position\":1,\"name\":\"In\u00edcio\",\"item\":\"https:\\\/\\\/www.prcardio.org\\\/publico-geral\\\/\"},{\"@type\":\"ListItem\",\"position\":2,\"name\":\"PERAS EM CALDA DE VINHO TINTO\"}]},{\"@type\":\"WebSite\",\"@id\":\"https:\\\/\\\/www.prcardio.org\\\/publico-geral\\\/#website\",\"url\":\"https:\\\/\\\/www.prcardio.org\\\/publico-geral\\\/\",\"name\":\"SPC - Sociedade Paranaense de Cardiologia\",\"description\":\"\",\"potentialAction\":[{\"@type\":\"SearchAction\",\"target\":{\"@type\":\"EntryPoint\",\"urlTemplate\":\"https:\\\/\\\/www.prcardio.org\\\/publico-geral\\\/?s={search_term_string}\"},\"query-input\":{\"@type\":\"PropertyValueSpecification\",\"valueRequired\":true,\"valueName\":\"search_term_string\"}}],\"inLanguage\":\"pt-BR\"},{\"@type\":\"Person\",\"@id\":\"https:\\\/\\\/www.prcardio.org\\\/publico-geral\\\/#\\\/schema\\\/person\\\/a9b1dff39e9c1d3ba41de0f3dd6e1104\",\"name\":\"Hospedagem\",\"image\":{\"@type\":\"ImageObject\",\"inLanguage\":\"pt-BR\",\"@id\":\"https:\\\/\\\/secure.gravatar.com\\\/avatar\\\/d1f33b566fe696af9b34d27adf7f4946e34028f4c303a6217cfc8e842e418d79?s=96&d=mm&r=g\",\"url\":\"https:\\\/\\\/secure.gravatar.com\\\/avatar\\\/d1f33b566fe696af9b34d27adf7f4946e34028f4c303a6217cfc8e842e418d79?s=96&d=mm&r=g\",\"contentUrl\":\"https:\\\/\\\/secure.gravatar.com\\\/avatar\\\/d1f33b566fe696af9b34d27adf7f4946e34028f4c303a6217cfc8e842e418d79?s=96&d=mm&r=g\",\"caption\":\"Hospedagem\"},\"url\":\"https:\\\/\\\/www.prcardio.org\\\/publico-geral\\\/author\\\/bs2\\\/\"}]}<\/script>\n<!-- \/ Yoast SEO plugin. -->","yoast_head_json":{"title":"SPC - Sociedade Paranaense de Cardiologia","robots":{"index":"index","follow":"follow","max-snippet":"max-snippet:-1","max-image-preview":"max-image-preview:large","max-video-preview":"max-video-preview:-1"},"canonical":"https:\/\/www.prcardio.org\/publico-geral\/peras-em-calda-de-vinho-tinto\/","og_locale":"pt_BR","og_type":"article","og_title":"SPC - Sociedade Paranaense de Cardiologia","og_description":"Mara Regina Cili\u00e3o, Nutricionista(CRN 0900 8\u00aa. Regi\u00e3o) Ingredientes 6 peras m\u00e9dias (lavadas, descascadas e cortadas pela metade (longitudinal, retiradas o caro\u00e7o) Agua suficiente para cobrir as peras em uma panela 4 colheres de sopa de ado\u00e7ante granular sucralose para forno e fog\u00e3o 3 canelas em rama 1 colher de sobremesa de cravo da \u00edndia 2 [&hellip;]","og_url":"https:\/\/www.prcardio.org\/publico-geral\/peras-em-calda-de-vinho-tinto\/","og_site_name":"SPC - Sociedade Paranaense de Cardiologia","article_published_time":"2020-03-16T11:51:02+00:00","article_modified_time":"2020-03-16T11:51:07+00:00","og_image":[{"width":800,"height":507,"url":"https:\/\/www.prcardio.org\/publico-geral\/wp-content\/uploads\/sites\/3\/2020\/03\/peras-cozidas-no-vinho-031.jpg","type":"image\/jpeg"}],"author":"Hospedagem","twitter_card":"summary_large_image","twitter_misc":{"Written by":"Hospedagem","Est. reading time":"1 minute"},"schema":{"@context":"https:\/\/schema.org","@graph":[{"@type":"Article","@id":"https:\/\/www.prcardio.org\/publico-geral\/peras-em-calda-de-vinho-tinto\/#article","isPartOf":{"@id":"https:\/\/www.prcardio.org\/publico-geral\/peras-em-calda-de-vinho-tinto\/"},"author":{"name":"Hospedagem","@id":"https:\/\/www.prcardio.org\/publico-geral\/#\/schema\/person\/a9b1dff39e9c1d3ba41de0f3dd6e1104"},"headline":"PERAS EM CALDA DE VINHO TINTO","datePublished":"2020-03-16T11:51:02+00:00","dateModified":"2020-03-16T11:51:07+00:00","mainEntityOfPage":{"@id":"https:\/\/www.prcardio.org\/publico-geral\/peras-em-calda-de-vinho-tinto\/"},"wordCount":178,"commentCount":0,"image":{"@id":"https:\/\/www.prcardio.org\/publico-geral\/peras-em-calda-de-vinho-tinto\/#primaryimage"},"thumbnailUrl":"https:\/\/www.prcardio.org\/publico-geral\/wp-content\/uploads\/sites\/3\/2020\/03\/peras-cozidas-no-vinho-031.jpg","articleSection":["Receitas"],"inLanguage":"pt-BR","potentialAction":[{"@type":"CommentAction","name":"Comment","target":["https:\/\/www.prcardio.org\/publico-geral\/peras-em-calda-de-vinho-tinto\/#respond"]}]},{"@type":"WebPage","@id":"https:\/\/www.prcardio.org\/publico-geral\/peras-em-calda-de-vinho-tinto\/","url":"https:\/\/www.prcardio.org\/publico-geral\/peras-em-calda-de-vinho-tinto\/","name":"SPC - Sociedade Paranaense de Cardiologia","isPartOf":{"@id":"https:\/\/www.prcardio.org\/publico-geral\/#website"},"primaryImageOfPage":{"@id":"https:\/\/www.prcardio.org\/publico-geral\/peras-em-calda-de-vinho-tinto\/#primaryimage"},"image":{"@id":"https:\/\/www.prcardio.org\/publico-geral\/peras-em-calda-de-vinho-tinto\/#primaryimage"},"thumbnailUrl":"https:\/\/www.prcardio.org\/publico-geral\/wp-content\/uploads\/sites\/3\/2020\/03\/peras-cozidas-no-vinho-031.jpg","datePublished":"2020-03-16T11:51:02+00:00","dateModified":"2020-03-16T11:51:07+00:00","author":{"@id":"https:\/\/www.prcardio.org\/publico-geral\/#\/schema\/person\/a9b1dff39e9c1d3ba41de0f3dd6e1104"},"breadcrumb":{"@id":"https:\/\/www.prcardio.org\/publico-geral\/peras-em-calda-de-vinho-tinto\/#breadcrumb"},"inLanguage":"pt-BR","potentialAction":[{"@type":"ReadAction","target":["https:\/\/www.prcardio.org\/publico-geral\/peras-em-calda-de-vinho-tinto\/"]}]},{"@type":"ImageObject","inLanguage":"pt-BR","@id":"https:\/\/www.prcardio.org\/publico-geral\/peras-em-calda-de-vinho-tinto\/#primaryimage","url":"https:\/\/www.prcardio.org\/publico-geral\/wp-content\/uploads\/sites\/3\/2020\/03\/peras-cozidas-no-vinho-031.jpg","contentUrl":"https:\/\/www.prcardio.org\/publico-geral\/wp-content\/uploads\/sites\/3\/2020\/03\/peras-cozidas-no-vinho-031.jpg","width":800,"height":507},{"@type":"BreadcrumbList","@id":"https:\/\/www.prcardio.org\/publico-geral\/peras-em-calda-de-vinho-tinto\/#breadcrumb","itemListElement":[{"@type":"ListItem","position":1,"name":"In\u00edcio","item":"https:\/\/www.prcardio.org\/publico-geral\/"},{"@type":"ListItem","position":2,"name":"PERAS EM CALDA DE VINHO TINTO"}]},{"@type":"WebSite","@id":"https:\/\/www.prcardio.org\/publico-geral\/#website","url":"https:\/\/www.prcardio.org\/publico-geral\/","name":"SPC - Sociedade Paranaense de Cardiologia","description":"","potentialAction":[{"@type":"SearchAction","target":{"@type":"EntryPoint","urlTemplate":"https:\/\/www.prcardio.org\/publico-geral\/?s={search_term_string}"},"query-input":{"@type":"PropertyValueSpecification","valueRequired":true,"valueName":"search_term_string"}}],"inLanguage":"pt-BR"},{"@type":"Person","@id":"https:\/\/www.prcardio.org\/publico-geral\/#\/schema\/person\/a9b1dff39e9c1d3ba41de0f3dd6e1104","name":"Hospedagem","image":{"@type":"ImageObject","inLanguage":"pt-BR","@id":"https:\/\/secure.gravatar.com\/avatar\/d1f33b566fe696af9b34d27adf7f4946e34028f4c303a6217cfc8e842e418d79?s=96&d=mm&r=g","url":"https:\/\/secure.gravatar.com\/avatar\/d1f33b566fe696af9b34d27adf7f4946e34028f4c303a6217cfc8e842e418d79?s=96&d=mm&r=g","contentUrl":"https:\/\/secure.gravatar.com\/avatar\/d1f33b566fe696af9b34d27adf7f4946e34028f4c303a6217cfc8e842e418d79?s=96&d=mm&r=g","caption":"Hospedagem"},"url":"https:\/\/www.prcardio.org\/publico-geral\/author\/bs2\/"}]}},"builder_content":"","_links":{"self":[{"href":"https:\/\/www.prcardio.org\/publico-geral\/wp-json\/wp\/v2\/posts\/209","targetHints":{"allow":["GET"]}}],"collection":[{"href":"https:\/\/www.prcardio.org\/publico-geral\/wp-json\/wp\/v2\/posts"}],"about":[{"href":"https:\/\/www.prcardio.org\/publico-geral\/wp-json\/wp\/v2\/types\/post"}],"author":[{"embeddable":true,"href":"https:\/\/www.prcardio.org\/publico-geral\/wp-json\/wp\/v2\/users\/1"}],"replies":[{"embeddable":true,"href":"https:\/\/www.prcardio.org\/publico-geral\/wp-json\/wp\/v2\/comments?post=209"}],"version-history":[{"count":1,"href":"https:\/\/www.prcardio.org\/publico-geral\/wp-json\/wp\/v2\/posts\/209\/revisions"}],"predecessor-version":[{"id":211,"href":"https:\/\/www.prcardio.org\/publico-geral\/wp-json\/wp\/v2\/posts\/209\/revisions\/211"}],"wp:featuredmedia":[{"embeddable":true,"href":"https:\/\/www.prcardio.org\/publico-geral\/wp-json\/wp\/v2\/media\/210"}],"wp:attachment":[{"href":"https:\/\/www.prcardio.org\/publico-geral\/wp-json\/wp\/v2\/media?parent=209"}],"wp:term":[{"taxonomy":"category","embeddable":true,"href":"https:\/\/www.prcardio.org\/publico-geral\/wp-json\/wp\/v2\/categories?post=209"},{"taxonomy":"post_tag","embeddable":true,"href":"https:\/\/www.prcardio.org\/publico-geral\/wp-json\/wp\/v2\/tags?post=209"}],"curies":[{"name":"wp","href":"https:\/\/api.w.org\/{rel}","templated":true}]}}