{"id":88,"date":"2020-03-15T14:00:33","date_gmt":"2020-03-15T17:00:33","guid":{"rendered":"http:\/\/template1.bs2.com.br\/publico-geral\/?p=88"},"modified":"2020-03-15T19:21:00","modified_gmt":"2020-03-15T22:21:00","slug":"proteja-a-saude-mental-de-seus-filhos","status":"publish","type":"post","link":"https:\/\/www.prcardio.org\/publico-geral\/proteja-a-saude-mental-de-seus-filhos\/","title":{"rendered":"Proteja a sa\u00fade mental de seus filhos"},"content":{"rendered":"<!--themify_builder_content-->\n<div id=\"themify_builder_content-88\" data-postid=\"88\" class=\"themify_builder_content themify_builder_content-88 themify_builder tf_clear\">\n    <\/div>\n<!--\/themify_builder_content-->\n\n\n<p> Dr Otavio Celeste Mangili <\/p>\n\n\n\n<h3 class=\"wp-block-heading\">\u00c1rea de interesse: ESTRESSE<\/h3>\n\n\n\n<p>Frequentemente sou convidado a palestrar sobre os efeitos da ansiedade e da depress\u00e3o para o cora\u00e7\u00e3o (lembrando aos amigos que sou cardiologista!). E o que vejo nos estudos sobre o assunto \u00e9 muito semelhante ao que percebo no conv\u00edvio com jovens, tanto nas turmas de medicina para qual leciono, quanto nos pacientes que atendo no meu consult\u00f3rio. Estamos vivendo uma epidemia de doen\u00e7as emocionais, especiamente ansiedade e depress\u00e3o, entre nossos jovens.<\/p>\n\n\n\n<p>Em rela\u00e7\u00e3o a isso, estudo recente da escola de sa\u00fade p\u00fablica da Harvard, publicado no&nbsp;<em>American Journal of Epidemiology,<\/em>&nbsp;nos traz uma dica preciosa. Ele avaliou a correla\u00e7\u00e3o entre pr\u00e1ticas religiosas, como frequentar uma reuni\u00e3o (missa, culto, etc) uma vez por semana e meditar\/orar em casa, na inf\u00e2ncia e adolesc\u00eancia, com a sa\u00fade emocional ap\u00f3s os 20 anos de idade.<\/p>\n\n\n\n<p>Muit\u00edssimo interessante foi o achado que crian\u00e7as e adolescentes que frequentavam pr\u00e1ticas religiosas pelo menos uma vez por semana, tinham 18% mais chance de relatar que eram felizes anos 20 anos. Al\u00e9m disso tinham 30% mais chance de fazer servi\u00e7os volunt\u00e1rios e 33% menos risco de abuso de drogas ap\u00f3s os 20 anos de idade.<\/p>\n\n\n\n<p>Aqueles que meditavam ou oravam diariamente tamb\u00e9m tiveram mais satisfa\u00e7\u00e3o com a vida, foram considerados mais h\u00e1beis em processar emo\u00e7\u00f5es e mais gratos com a vida em compara\u00e7\u00e3o com aqueles que n\u00e3o tinham essa pr\u00e1tica. Tamb\u00e9m eram menos propensos a comportamentos sexuais de risco e apresentarem doen\u00e7as sexualmente transmiss\u00edveis.<\/p>\n\n\n\n<p>Que dica preciosa! Vamos cuidar de nossos jovens e fazer a li\u00e7\u00e3o de casa. Em tempos de est\u00edmulos in\u00fameros para distrair a aten\u00e7\u00e3o de pais e filhos, vale a pena repensar nossa rotina.<\/p>","protected":false},"excerpt":{"rendered":"<p>Dr Otavio Celeste Mangili \u00c1rea de interesse: ESTRESSE Frequentemente sou convidado a palestrar sobre os efeitos da ansiedade e da depress\u00e3o para o cora\u00e7\u00e3o (lembrando aos amigos que sou cardiologista!). E o que vejo nos estudos sobre o assunto \u00e9 muito semelhante ao que percebo no conv\u00edvio com jovens, tanto nas turmas de medicina para [&hellip;]<\/p>\n","protected":false},"author":1,"featured_media":89,"comment_status":"open","ping_status":"open","sticky":false,"template":"","format":"standard","meta":{"footnotes":""},"categories":[9,22,2],"tags":[],"class_list":["post-88","post","type-post","status-publish","format-standard","has-post-thumbnail","hentry","category-estresse","category-materias-estresse","category-prevencao","has-post-title","has-post-date","has-post-category","has-post-tag","has-post-comment","has-post-author",""],"yoast_head":"<!-- This site is optimized with the Yoast SEO plugin v27.4 - https:\/\/yoast.com\/product\/yoast-seo-wordpress\/ -->\n<title>SPC - Sociedade Paranaense de Cardiologia<\/title>\n<meta name=\"robots\" content=\"index, follow, max-snippet:-1, max-image-preview:large, max-video-preview:-1\" \/>\n<link rel=\"canonical\" href=\"https:\/\/www.prcardio.org\/publico-geral\/proteja-a-saude-mental-de-seus-filhos\/\" \/>\n<meta property=\"og:locale\" content=\"pt_BR\" \/>\n<meta property=\"og:type\" content=\"article\" \/>\n<meta property=\"og:title\" content=\"SPC - Sociedade Paranaense de Cardiologia\" \/>\n<meta property=\"og:description\" content=\"Dr Otavio Celeste Mangili \u00c1rea de interesse: ESTRESSE Frequentemente sou convidado a palestrar sobre os efeitos da ansiedade e da depress\u00e3o para o cora\u00e7\u00e3o (lembrando aos amigos que sou cardiologista!). E o que vejo nos estudos sobre o assunto \u00e9 muito semelhante ao que percebo no conv\u00edvio com jovens, tanto nas turmas de medicina para [&hellip;]\" \/>\n<meta property=\"og:url\" content=\"https:\/\/www.prcardio.org\/publico-geral\/proteja-a-saude-mental-de-seus-filhos\/\" \/>\n<meta property=\"og:site_name\" content=\"SPC - Sociedade Paranaense de Cardiologia\" \/>\n<meta property=\"article:published_time\" content=\"2020-03-15T17:00:33+00:00\" \/>\n<meta property=\"article:modified_time\" content=\"2020-03-15T22:21:00+00:00\" \/>\n<meta property=\"og:image\" content=\"https:\/\/www.prcardio.org\/publico-geral\/wp-content\/uploads\/sites\/3\/2020\/03\/15405148722001.jpg\" \/>\n\t<meta property=\"og:image:width\" content=\"400\" \/>\n\t<meta property=\"og:image:height\" content=\"300\" \/>\n\t<meta property=\"og:image:type\" content=\"image\/jpeg\" \/>\n<meta name=\"author\" content=\"Hospedagem\" \/>\n<meta name=\"twitter:card\" content=\"summary_large_image\" \/>\n<meta name=\"twitter:label1\" content=\"Written by\" \/>\n\t<meta name=\"twitter:data1\" content=\"Hospedagem\" \/>\n\t<meta name=\"twitter:label2\" content=\"Est. reading time\" \/>\n\t<meta name=\"twitter:data2\" content=\"2 minutes\" \/>\n<script type=\"application\/ld+json\" class=\"yoast-schema-graph\">{\"@context\":\"https:\\\/\\\/schema.org\",\"@graph\":[{\"@type\":\"Article\",\"@id\":\"https:\\\/\\\/www.prcardio.org\\\/publico-geral\\\/proteja-a-saude-mental-de-seus-filhos\\\/#article\",\"isPartOf\":{\"@id\":\"https:\\\/\\\/www.prcardio.org\\\/publico-geral\\\/proteja-a-saude-mental-de-seus-filhos\\\/\"},\"author\":{\"name\":\"Hospedagem\",\"@id\":\"https:\\\/\\\/www.prcardio.org\\\/publico-geral\\\/#\\\/schema\\\/person\\\/a9b1dff39e9c1d3ba41de0f3dd6e1104\"},\"headline\":\"Proteja a sa\u00fade mental de seus filhos\",\"datePublished\":\"2020-03-15T17:00:33+00:00\",\"dateModified\":\"2020-03-15T22:21:00+00:00\",\"mainEntityOfPage\":{\"@id\":\"https:\\\/\\\/www.prcardio.org\\\/publico-geral\\\/proteja-a-saude-mental-de-seus-filhos\\\/\"},\"wordCount\":317,\"commentCount\":0,\"image\":{\"@id\":\"https:\\\/\\\/www.prcardio.org\\\/publico-geral\\\/proteja-a-saude-mental-de-seus-filhos\\\/#primaryimage\"},\"thumbnailUrl\":\"https:\\\/\\\/www.prcardio.org\\\/publico-geral\\\/wp-content\\\/uploads\\\/sites\\\/3\\\/2020\\\/03\\\/15405148722001.jpg\",\"articleSection\":[\"Estresse\",\"Mat\u00e9rias\",\"Preven\u00e7\u00e3o\"],\"inLanguage\":\"pt-BR\",\"potentialAction\":[{\"@type\":\"CommentAction\",\"name\":\"Comment\",\"target\":[\"https:\\\/\\\/www.prcardio.org\\\/publico-geral\\\/proteja-a-saude-mental-de-seus-filhos\\\/#respond\"]}]},{\"@type\":\"WebPage\",\"@id\":\"https:\\\/\\\/www.prcardio.org\\\/publico-geral\\\/proteja-a-saude-mental-de-seus-filhos\\\/\",\"url\":\"https:\\\/\\\/www.prcardio.org\\\/publico-geral\\\/proteja-a-saude-mental-de-seus-filhos\\\/\",\"name\":\"SPC - Sociedade Paranaense de Cardiologia\",\"isPartOf\":{\"@id\":\"https:\\\/\\\/www.prcardio.org\\\/publico-geral\\\/#website\"},\"primaryImageOfPage\":{\"@id\":\"https:\\\/\\\/www.prcardio.org\\\/publico-geral\\\/proteja-a-saude-mental-de-seus-filhos\\\/#primaryimage\"},\"image\":{\"@id\":\"https:\\\/\\\/www.prcardio.org\\\/publico-geral\\\/proteja-a-saude-mental-de-seus-filhos\\\/#primaryimage\"},\"thumbnailUrl\":\"https:\\\/\\\/www.prcardio.org\\\/publico-geral\\\/wp-content\\\/uploads\\\/sites\\\/3\\\/2020\\\/03\\\/15405148722001.jpg\",\"datePublished\":\"2020-03-15T17:00:33+00:00\",\"dateModified\":\"2020-03-15T22:21:00+00:00\",\"author\":{\"@id\":\"https:\\\/\\\/www.prcardio.org\\\/publico-geral\\\/#\\\/schema\\\/person\\\/a9b1dff39e9c1d3ba41de0f3dd6e1104\"},\"breadcrumb\":{\"@id\":\"https:\\\/\\\/www.prcardio.org\\\/publico-geral\\\/proteja-a-saude-mental-de-seus-filhos\\\/#breadcrumb\"},\"inLanguage\":\"pt-BR\",\"potentialAction\":[{\"@type\":\"ReadAction\",\"target\":[\"https:\\\/\\\/www.prcardio.org\\\/publico-geral\\\/proteja-a-saude-mental-de-seus-filhos\\\/\"]}]},{\"@type\":\"ImageObject\",\"inLanguage\":\"pt-BR\",\"@id\":\"https:\\\/\\\/www.prcardio.org\\\/publico-geral\\\/proteja-a-saude-mental-de-seus-filhos\\\/#primaryimage\",\"url\":\"https:\\\/\\\/www.prcardio.org\\\/publico-geral\\\/wp-content\\\/uploads\\\/sites\\\/3\\\/2020\\\/03\\\/15405148722001.jpg\",\"contentUrl\":\"https:\\\/\\\/www.prcardio.org\\\/publico-geral\\\/wp-content\\\/uploads\\\/sites\\\/3\\\/2020\\\/03\\\/15405148722001.jpg\",\"width\":400,\"height\":300},{\"@type\":\"BreadcrumbList\",\"@id\":\"https:\\\/\\\/www.prcardio.org\\\/publico-geral\\\/proteja-a-saude-mental-de-seus-filhos\\\/#breadcrumb\",\"itemListElement\":[{\"@type\":\"ListItem\",\"position\":1,\"name\":\"In\u00edcio\",\"item\":\"https:\\\/\\\/www.prcardio.org\\\/publico-geral\\\/\"},{\"@type\":\"ListItem\",\"position\":2,\"name\":\"Proteja a sa\u00fade mental de seus filhos\"}]},{\"@type\":\"WebSite\",\"@id\":\"https:\\\/\\\/www.prcardio.org\\\/publico-geral\\\/#website\",\"url\":\"https:\\\/\\\/www.prcardio.org\\\/publico-geral\\\/\",\"name\":\"SPC - Sociedade Paranaense de Cardiologia\",\"description\":\"\",\"potentialAction\":[{\"@type\":\"SearchAction\",\"target\":{\"@type\":\"EntryPoint\",\"urlTemplate\":\"https:\\\/\\\/www.prcardio.org\\\/publico-geral\\\/?s={search_term_string}\"},\"query-input\":{\"@type\":\"PropertyValueSpecification\",\"valueRequired\":true,\"valueName\":\"search_term_string\"}}],\"inLanguage\":\"pt-BR\"},{\"@type\":\"Person\",\"@id\":\"https:\\\/\\\/www.prcardio.org\\\/publico-geral\\\/#\\\/schema\\\/person\\\/a9b1dff39e9c1d3ba41de0f3dd6e1104\",\"name\":\"Hospedagem\",\"image\":{\"@type\":\"ImageObject\",\"inLanguage\":\"pt-BR\",\"@id\":\"https:\\\/\\\/secure.gravatar.com\\\/avatar\\\/d1f33b566fe696af9b34d27adf7f4946e34028f4c303a6217cfc8e842e418d79?s=96&d=mm&r=g\",\"url\":\"https:\\\/\\\/secure.gravatar.com\\\/avatar\\\/d1f33b566fe696af9b34d27adf7f4946e34028f4c303a6217cfc8e842e418d79?s=96&d=mm&r=g\",\"contentUrl\":\"https:\\\/\\\/secure.gravatar.com\\\/avatar\\\/d1f33b566fe696af9b34d27adf7f4946e34028f4c303a6217cfc8e842e418d79?s=96&d=mm&r=g\",\"caption\":\"Hospedagem\"},\"url\":\"https:\\\/\\\/www.prcardio.org\\\/publico-geral\\\/author\\\/bs2\\\/\"}]}<\/script>\n<!-- \/ Yoast SEO plugin. -->","yoast_head_json":{"title":"SPC - Sociedade Paranaense de Cardiologia","robots":{"index":"index","follow":"follow","max-snippet":"max-snippet:-1","max-image-preview":"max-image-preview:large","max-video-preview":"max-video-preview:-1"},"canonical":"https:\/\/www.prcardio.org\/publico-geral\/proteja-a-saude-mental-de-seus-filhos\/","og_locale":"pt_BR","og_type":"article","og_title":"SPC - Sociedade Paranaense de Cardiologia","og_description":"Dr Otavio Celeste Mangili \u00c1rea de interesse: ESTRESSE Frequentemente sou convidado a palestrar sobre os efeitos da ansiedade e da depress\u00e3o para o cora\u00e7\u00e3o (lembrando aos amigos que sou cardiologista!). E o que vejo nos estudos sobre o assunto \u00e9 muito semelhante ao que percebo no conv\u00edvio com jovens, tanto nas turmas de medicina para [&hellip;]","og_url":"https:\/\/www.prcardio.org\/publico-geral\/proteja-a-saude-mental-de-seus-filhos\/","og_site_name":"SPC - Sociedade Paranaense de Cardiologia","article_published_time":"2020-03-15T17:00:33+00:00","article_modified_time":"2020-03-15T22:21:00+00:00","og_image":[{"width":400,"height":300,"url":"https:\/\/www.prcardio.org\/publico-geral\/wp-content\/uploads\/sites\/3\/2020\/03\/15405148722001.jpg","type":"image\/jpeg"}],"author":"Hospedagem","twitter_card":"summary_large_image","twitter_misc":{"Written by":"Hospedagem","Est. reading time":"2 minutes"},"schema":{"@context":"https:\/\/schema.org","@graph":[{"@type":"Article","@id":"https:\/\/www.prcardio.org\/publico-geral\/proteja-a-saude-mental-de-seus-filhos\/#article","isPartOf":{"@id":"https:\/\/www.prcardio.org\/publico-geral\/proteja-a-saude-mental-de-seus-filhos\/"},"author":{"name":"Hospedagem","@id":"https:\/\/www.prcardio.org\/publico-geral\/#\/schema\/person\/a9b1dff39e9c1d3ba41de0f3dd6e1104"},"headline":"Proteja a sa\u00fade mental de seus filhos","datePublished":"2020-03-15T17:00:33+00:00","dateModified":"2020-03-15T22:21:00+00:00","mainEntityOfPage":{"@id":"https:\/\/www.prcardio.org\/publico-geral\/proteja-a-saude-mental-de-seus-filhos\/"},"wordCount":317,"commentCount":0,"image":{"@id":"https:\/\/www.prcardio.org\/publico-geral\/proteja-a-saude-mental-de-seus-filhos\/#primaryimage"},"thumbnailUrl":"https:\/\/www.prcardio.org\/publico-geral\/wp-content\/uploads\/sites\/3\/2020\/03\/15405148722001.jpg","articleSection":["Estresse","Mat\u00e9rias","Preven\u00e7\u00e3o"],"inLanguage":"pt-BR","potentialAction":[{"@type":"CommentAction","name":"Comment","target":["https:\/\/www.prcardio.org\/publico-geral\/proteja-a-saude-mental-de-seus-filhos\/#respond"]}]},{"@type":"WebPage","@id":"https:\/\/www.prcardio.org\/publico-geral\/proteja-a-saude-mental-de-seus-filhos\/","url":"https:\/\/www.prcardio.org\/publico-geral\/proteja-a-saude-mental-de-seus-filhos\/","name":"SPC - Sociedade Paranaense de Cardiologia","isPartOf":{"@id":"https:\/\/www.prcardio.org\/publico-geral\/#website"},"primaryImageOfPage":{"@id":"https:\/\/www.prcardio.org\/publico-geral\/proteja-a-saude-mental-de-seus-filhos\/#primaryimage"},"image":{"@id":"https:\/\/www.prcardio.org\/publico-geral\/proteja-a-saude-mental-de-seus-filhos\/#primaryimage"},"thumbnailUrl":"https:\/\/www.prcardio.org\/publico-geral\/wp-content\/uploads\/sites\/3\/2020\/03\/15405148722001.jpg","datePublished":"2020-03-15T17:00:33+00:00","dateModified":"2020-03-15T22:21:00+00:00","author":{"@id":"https:\/\/www.prcardio.org\/publico-geral\/#\/schema\/person\/a9b1dff39e9c1d3ba41de0f3dd6e1104"},"breadcrumb":{"@id":"https:\/\/www.prcardio.org\/publico-geral\/proteja-a-saude-mental-de-seus-filhos\/#breadcrumb"},"inLanguage":"pt-BR","potentialAction":[{"@type":"ReadAction","target":["https:\/\/www.prcardio.org\/publico-geral\/proteja-a-saude-mental-de-seus-filhos\/"]}]},{"@type":"ImageObject","inLanguage":"pt-BR","@id":"https:\/\/www.prcardio.org\/publico-geral\/proteja-a-saude-mental-de-seus-filhos\/#primaryimage","url":"https:\/\/www.prcardio.org\/publico-geral\/wp-content\/uploads\/sites\/3\/2020\/03\/15405148722001.jpg","contentUrl":"https:\/\/www.prcardio.org\/publico-geral\/wp-content\/uploads\/sites\/3\/2020\/03\/15405148722001.jpg","width":400,"height":300},{"@type":"BreadcrumbList","@id":"https:\/\/www.prcardio.org\/publico-geral\/proteja-a-saude-mental-de-seus-filhos\/#breadcrumb","itemListElement":[{"@type":"ListItem","position":1,"name":"In\u00edcio","item":"https:\/\/www.prcardio.org\/publico-geral\/"},{"@type":"ListItem","position":2,"name":"Proteja a sa\u00fade mental de seus filhos"}]},{"@type":"WebSite","@id":"https:\/\/www.prcardio.org\/publico-geral\/#website","url":"https:\/\/www.prcardio.org\/publico-geral\/","name":"SPC - Sociedade Paranaense de Cardiologia","description":"","potentialAction":[{"@type":"SearchAction","target":{"@type":"EntryPoint","urlTemplate":"https:\/\/www.prcardio.org\/publico-geral\/?s={search_term_string}"},"query-input":{"@type":"PropertyValueSpecification","valueRequired":true,"valueName":"search_term_string"}}],"inLanguage":"pt-BR"},{"@type":"Person","@id":"https:\/\/www.prcardio.org\/publico-geral\/#\/schema\/person\/a9b1dff39e9c1d3ba41de0f3dd6e1104","name":"Hospedagem","image":{"@type":"ImageObject","inLanguage":"pt-BR","@id":"https:\/\/secure.gravatar.com\/avatar\/d1f33b566fe696af9b34d27adf7f4946e34028f4c303a6217cfc8e842e418d79?s=96&d=mm&r=g","url":"https:\/\/secure.gravatar.com\/avatar\/d1f33b566fe696af9b34d27adf7f4946e34028f4c303a6217cfc8e842e418d79?s=96&d=mm&r=g","contentUrl":"https:\/\/secure.gravatar.com\/avatar\/d1f33b566fe696af9b34d27adf7f4946e34028f4c303a6217cfc8e842e418d79?s=96&d=mm&r=g","caption":"Hospedagem"},"url":"https:\/\/www.prcardio.org\/publico-geral\/author\/bs2\/"}]}},"builder_content":"","_links":{"self":[{"href":"https:\/\/www.prcardio.org\/publico-geral\/wp-json\/wp\/v2\/posts\/88","targetHints":{"allow":["GET"]}}],"collection":[{"href":"https:\/\/www.prcardio.org\/publico-geral\/wp-json\/wp\/v2\/posts"}],"about":[{"href":"https:\/\/www.prcardio.org\/publico-geral\/wp-json\/wp\/v2\/types\/post"}],"author":[{"embeddable":true,"href":"https:\/\/www.prcardio.org\/publico-geral\/wp-json\/wp\/v2\/users\/1"}],"replies":[{"embeddable":true,"href":"https:\/\/www.prcardio.org\/publico-geral\/wp-json\/wp\/v2\/comments?post=88"}],"version-history":[{"count":1,"href":"https:\/\/www.prcardio.org\/publico-geral\/wp-json\/wp\/v2\/posts\/88\/revisions"}],"predecessor-version":[{"id":90,"href":"https:\/\/www.prcardio.org\/publico-geral\/wp-json\/wp\/v2\/posts\/88\/revisions\/90"}],"wp:featuredmedia":[{"embeddable":true,"href":"https:\/\/www.prcardio.org\/publico-geral\/wp-json\/wp\/v2\/media\/89"}],"wp:attachment":[{"href":"https:\/\/www.prcardio.org\/publico-geral\/wp-json\/wp\/v2\/media?parent=88"}],"wp:term":[{"taxonomy":"category","embeddable":true,"href":"https:\/\/www.prcardio.org\/publico-geral\/wp-json\/wp\/v2\/categories?post=88"},{"taxonomy":"post_tag","embeddable":true,"href":"https:\/\/www.prcardio.org\/publico-geral\/wp-json\/wp\/v2\/tags?post=88"}],"curies":[{"name":"wp","href":"https:\/\/api.w.org\/{rel}","templated":true}]}}